{"id":1294,"__str__":"Parecer - CFJL de 07/04/2022 por Antonio Eduardo da Costa (Toninho)","link_detail_backend":"/materia/documentoacessorio/1294","metadata":{},"nome":"CFJL","data":"2022-04-07","autor":"Antonio Eduardo da Costa (Toninho)","ementa":"Este projeto tem a finalidade de dar denomina\u00e7\u00e3o \u00e0 Rua A, localizada no Loteamento Residencial Por do Sol, em Santa Rita do Sapuca\u00ed/MG, que passar\u00e1 a denominar-se \"Rua La\u00eds Aparecida Costa\". La\u00eds Aparecida Costa era natural de Santa Rita do Sapuca\u00ed/MG. Nasceu no dia 8 de maio de 1930. Era filha de Francisco Costa e Ezanira Ribeiro Costa. La\u00eds perdeu sua m\u00e3e ainda crian\u00e7a. Na \u00e9poca, morava na Fazenda com seu pai e os irm\u00e3os D\u00e9cio e Cidinha no bairro Vint\u00e9m. Depois, mudou-se para a cidade para iniciar seus estudos. Estudou no Col\u00e9gio. Formou se em Direito pela Faculdade de Direito do Sul de Minas, na segunda turma. Foi nomeada Tabeli\u00e3 do Segundo Oficio de Notas em Santa Rita do Sapuca\u00ed/ MG, onde trabalhou por muitos anos at\u00e9 sua aposentadoria. La\u00eds sempre ajudou as institui\u00e7\u00f5es de nossa cidade, em especial o Asilo. Era muito querida por todos e nos deixou no dia 28 de dezembro de 2021.","indexacao":"","arquivo":"http://sapl.santaritadosapucai.mg.leg.br/media/sapl/public/documentoacessorio/2022/1294/projeto_de_lei_n_5a-2022_parecer_0001.pdf","data_ultima_atualizacao":"2022-04-12T09:22:06.629475-03:00","materia":2640,"tipo":1}