{"id":1305,"__str__":"Parecer - CFJL de 05/05/2022 por Prof. Fabiana Santos Salgado","link_detail_backend":"/materia/documentoacessorio/1305","metadata":{},"nome":"CFJL","data":"2022-05-05","autor":"Prof. Fabiana Santos Salgado","ementa":"Este projeto tem a finalidade de dar\u00b7 denomina\u00e7\u00e3o \u00e0 Alameda D do Loteamento Interlagos em Santa Rita do Sapuca\u00ed/MG, que passar\u00e1 a denominar-se\r\n\"Alameda Lecir Rog\u00e9rio de Oliveira e Silva\". Lecir Rog\u00e9rio de Oliveira e Silva nasceu em Pouso Alegre/MG, no dia 9 de\r\nnovembro de 1957. Filho de Alfredo de Oliveira e Silva e Maria Imaculada de Oliveira e Silva. Em 1991 teve sua primeira filha, Leiliany. Veio transferido para Santa Rita do Sapuca\u00ed, em junho de 1994, pele> BEMGE cerno gerente de neg\u00f3cios. \u00c9poca esta que j\u00e1 come\u00e7ou seu trabalho em prol do munic\u00edpio. Casou-se em 1995 com a santa-ritense Rosemeire Marieta da Costa Veronesi e Silva, neta de Antonio Proc\u00f3pio da Costa, mais conhecido\r\ncomo Toninho Eug\u00eanio, ex prefeito de Santa Rita do Sapuca\u00ed. Com Rosemeire teve 2 filhas, Laura e Let\u00edcia. Lecir residiu por mais de 26 anos neste munic\u00edpio, onde participou de v\u00e1rias a\u00e7\u00f5es beneficentes, como volunt\u00e1rio nas festas de Santa Rita do Sapuca\u00ed e Asilo. Participou como barbeiro/cabeleireiro na a\u00e7\u00e3o efetuada no bairro das Margaridas e Asilo. Promoveu um baile para levantar\u00b7 fundos em prol do Hospital Antonio Moreira da Costa. Em dezembro de 2019, recebeu o t\u00edtulo de cidad\u00e3o honor\u00e1rio Santa-ritense. Nos \u00faltimos 2 anos, trabalhou no financeiro da Sodr\u00e9 Im\u00f3veis, onde por v\u00e1rias vezes tirou do seu bolso .Para ajudar .Pessoas menos favorecidas a quitar parcela de seu lote em atraso. Fazia esse gesto tamb\u00e9m em supermercado, padaria. Ajudava pessoa carente ou em situa\u00e7\u00e3o dif\u00edcil com cesta b\u00e1sica. Em 2021 chegou a ser Coordenadoe de N\u00facleo no Sieredi, com o intuito apenas de ajudar a ag\u00eancia, por um pequeno per\u00edodo, pois, no dia 18 de maio de 2021, faleceu por COVID-19 em Santa Rita do Sapuca\u00ed, onde era muito querido por todos.","indexacao":"","arquivo":"http://sapl.santaritadosapucai.mg.leg.br/media/sapl/public/documentoacessorio/2022/1305/projeto_de_lei_n18a-2022_parecer_0001.pdf","data_ultima_atualizacao":"2022-05-10T09:48:53.675752-03:00","materia":2691,"tipo":1}