{"id":1317,"__str__":"Parecer - CFJL de 02/06/2022 por Vereador Benedito Raimundo Ribeiro","link_detail_backend":"/materia/documentoacessorio/1317","metadata":{},"nome":"CFJL","data":"2022-06-02","autor":"Vereador Benedito Raimundo Ribeiro","ementa":"Este projeto visa autorizar a contribui\u00e7\u00e3o anual de R$ 2.697,50 \u00e0 Rede Mineira de Inova\u00e7\u00e3o (RMI), associa\u00e7\u00e3o que visa o estudo, a pesquisa e\r\nexperimenta\u00e7\u00e3o de novos modelos s\u00f3cios-produtivos e a divulga\u00e7\u00e3o de informa\u00e7\u00f5es e conhecimentos t\u00e9cnicos e cient\u00edfico, com a finalidade fortalecer o desenvolvimento do empreendedorismo e da inova\u00e7\u00e3o de Minas Gerais. Essa contribui\u00e7\u00e3o anual visa possibilitar a filia\u00e7\u00e3o da PROINTEC\r\n(Programa Municipal de Inova\u00e7\u00e3o) \u00e0 Rede Mineira de Inova\u00e7\u00e3o (RMI), com o objetivo de promover a coopera\u00e7\u00e3o t\u00e9cnica e administrativa por meio de\r\nestudos, pesquisas, coopera\u00e7\u00e3o t\u00e9cnica, compartilhamento de conhecimento, sempre imbu\u00eddo das melhores pr\u00e1ticas e solu\u00e7\u00f5es estrat\u00e9gicas em tecnologia; proporcionar a troca de informa\u00e7\u00f5es entre as incubadoras e aceleradoras de empresas, parques tecnol\u00f3gicos, polos, tecn\u00f3polis, comunidade de startups, hubs de inova\u00e7\u00e3o e outros mecanismos para inova\u00e7\u00e3o do Estado de Minas Gerais, al\u00e9m de entidades p\u00fablicas e privadas, centro tecnol\u00f3gicos, universidades e \u00f3rg\u00e3os de fomento; buscar parcerias e apoio de empresas e organiza\u00e7\u00f5es n\u00e3o governamentais, brasileiras ou estrangeiras, bem como dos governos federal e estadual; e contribuir para o desenvolvimento e o fomento da pesquisa e o desenvolvimento institucional, visando \u00e0 produ\u00e7\u00e3o de conhecimento e a solu\u00e7\u00e3o de problemas cient\u00edficos e tecnol\u00f3gicos, em conjunto com entidade privadas ou com o poder p\u00fablico nos \u00e2mbitos municipal, estadual e federal, buscando o fortalecimento da \u00e1rea tecnol\u00f3gica e sua mais ampla utiliza\u00e7\u00e3o pela sociedade.","indexacao":"","arquivo":"http://sapl.santaritadosapucai.mg.leg.br/media/sapl/public/documentoacessorio/2022/1317/projeto_de_lei_n_15-2022_-_parecer.pdf","data_ultima_atualizacao":"2022-06-08T15:16:39.940686-03:00","materia":2710,"tipo":1}