{"id":1443,"__str__":"Parecer - CFJL de 11/04/2023 por EDUARDO HENRIQUE CAPISTRANO CUNHA J\u00daNIOR (DUZINHO)","link_detail_backend":"/materia/documentoacessorio/1443","metadata":{},"nome":"CFJL","data":"2023-04-11","autor":"EDUARDO HENRIQUE CAPISTRANO CUNHA J\u00daNIOR (DUZINHO)","ementa":"Este projeto tem a finalidade de conceder a Medalha da Ordem do M\u00e9rito Legislativo Municipal Presidente Delfim Moreira de Santa Rita do Sapuca\u00ed/MG ao senhor Fernando Cavalcanti Ribeiro Kall\u00e1s. Jornalista h\u00e1 mais de 20 anos, Fernando Kall\u00e1s \u00e9 correspondente internacional de esportes da Reuters, a maior ag\u00eancia de not\u00edcias do mundo, al\u00e9m de comentarista do SporTV, da R\u00e1dio Marca na Espanha e apresentador do podcast oficial da NFL em espanhol. Mestre em jornalismo pela Universidade Aut\u00f4noma de Madrid, Kall\u00e1s mora na Espanha h\u00e1 quase 15 anos onde trabalhou durante quase uma d\u00e9cada para o Di\u00e1rio AS, um dos maiores jornais esportivos do mundo, al\u00e9m de colaborar para outros meios do grupo editorial Prisa, como o jornal EL PA\u00cdS e a r\u00e1dio Cadena SER. Cobriu diversos eventos esportivos, incluindo as \u00faltimas tr\u00eas Copas do Mundo, Olimp\u00edadas, Super Bowls e dezenas de jogos da Champions League, incluindo duas finais. Antes, foi comentarista do UFC no SporTV e Canal Combate e correspondente da BBC Brasil no L\u00edbano e na Espanha. Nascido no Rio de Janeiro h\u00e1 44 anos, Fernando \u00e9 casado com Amal, pai do Elias e do Marco, irm\u00e3o do Thiago e filho dos santa-ritenses Elias Kall\u00e1s (Ely) e Maria \u00c2ngela Cavalcanti Ribeiro Kall\u00e1s (Mari\u00e2ngela). Seu pai foi vereador de 1997 a 2000 e desempenhou importante papel no processo de consolida\u00e7\u00e3o do Vale da Eletr\u00f4nica. Fernando morou em Santa Rita durante quase 10 anos, um per\u00edodo que ele\r\nconsidera ter sido fundamental para a constru\u00e7\u00e3o do seu car\u00e1ter, fazendo-o sentir-se tamb\u00e9m santa-ritense.","indexacao":"","arquivo":"http://sapl.santaritadosapucai.mg.leg.br/media/sapl/public/documentoacessorio/2023/1443/projeto_de_decreto_legislativo_n_1-2023-parecer.pdf","data_ultima_atualizacao":"2023-04-14T15:52:25.485067-03:00","materia":2993,"tipo":1}