{"id":1527,"__str__":"Parecer - COMISS\u00c3O ESPECIAL de 05/12/2023 por Vereador Ant\u00f4nio Eduardo da Costa (Toninho):","link_detail_backend":"/materia/documentoacessorio/1527","metadata":{},"nome":"COMISS\u00c3O ESPECIAL","data":"2023-12-05","autor":"Vereador Ant\u00f4nio Eduardo da Costa (Toninho):","ementa":"Este projeto tem a finalidade de conceder a Medalha da Ordem do M\u00e9rito Legislativo Municipal Presidente Delfim Moreira de Santa Rita do\r\nSapuca\u00ed/MG ao senhor Deputado Federal Rafael Tadeu Sim\u00f5es. O Deputado Federal Rafael Sim\u00f5es, nascido em 29 de novembro de 1964 em Pouso Alegre, MG, \u00e9 urna figura not\u00e1vel que deixou uma marca indel\u00e9vel em sua comunidade e al\u00e9m. Com uma carreira multifacetada como advogado e\r\npropriet\u00e1rio rural, Sim\u00f5es se destacou especialmente por seu papel como gestor da Funda\u00e7\u00e3o de Ensino Superior do Vale do Sapucai (FUVS), entidade\r\nmantenedora do Hospital das Cl\u00ednicas Samuel Lib\u00e2nio, e como prefeito de Pouso Alegre. Sua atua\u00e7\u00e3o corno prefeito foi marcada por realiza\u00e7\u00f5es significativas nas \u00e1reas da sa\u00fade, infi-aestrutura e desenvolvimento rural. Em rela\u00e7\u00e3o \u00e0 sa\u00fade, Sim\u00f5es empreendeu a desapropria\u00e7\u00e3o do antigo campo da Lema, transformando o em um abrangente complexo de sa\u00fade. A constru\u00e7\u00e3o de uma Unidade de Pronto Atendimento 24 horas e a adapta\u00e7\u00e3o do local corno Hospital de Campanha durante a pandemia demonstram seu compromisso com o bem-estar da comunidade. Na esfera da infraestrutura, Rafael Sim\u00f5es enfrentou desafios substanciais ao assumir a prefeitura com uma d\u00edvida consider\u00e1vel e uma cidade necessitando de reparos urgentes. Contudo, sua administra\u00e7\u00e3o trouxe inova\u00e7\u00f5es como o \"Programa Educa\u00e7\u00e3o\", revitaliza\u00e7\u00e3o de bairros com melhorias em ruas, asfalto e ilumina\u00e7\u00e3o de LED, al\u00e9m do investimento em estradas rurais, facilitando o escoamento da produ\u00e7\u00e3o e aprimorando a qualidade de vida no campo. O amor de Sim\u00f5es pela \u00e1rea rural tamb\u00e9m se manifestou no PROGEN, um programa de melhoramento gen\u00e9tico de bovinos, visando aprimorar a qualidade dos produtos agr\u00edcolas. A Casa do Produtor, urna iniciativa inovadora, simplificou e apoiou aspectos burocr\u00e1ticos dos neg\u00f3cios dos produtores locais. \u00c9 louv\u00e1vel reconhecer as contribui\u00e7\u00f5es significativas de Rafael Sim\u00f5es para Santa Rita do Sapuca\u00ed e regi\u00e3o. Sua atua\u00e7\u00e3o como produtor rural e conselheiro da CooperRita, assim como o papel de seu escrit\u00f3rio de advocacia na assessoria a diversas empresas locais, demonstram um comprometimento not\u00e1vel\r\ncom o desenvolvimento e bem-estar da comunidade. Destaca-se, ainda mais, sua iniciativa vision\u00e1ria na constru\u00e7\u00e3o do Hospital do C\u00e2ncer de Pouso Alegre. Com cinco pavimentos e mais de 11 mil m2 de \u00e1rea constru\u00edda, o hospital desempenhar\u00e1 um papel crucial no atendimento a pacientes de 53 munic\u00edpios, incluindo os santa-ritenses que enfrentam batalhas contra o c\u00e2ncer. Essa a\u00e7\u00e3o demonstra um compromisso admir\u00e1vel com a sa\u00fade e\r\nqualidade de vida da popula\u00e7\u00e3o local. Em 2022, Rafael Sim\u00f5es alcan\u00e7ou um novo patamar ao ser eleito Deputado Federal com expressivos 144.924 mil votos. Sua atua\u00e7\u00e3o no Congresso Nacional o destaca como um dos parlamentares mais influentes, participando ativamente de comiss\u00f5es cruciais, como a de Agricultura, Pecu\u00e1ria, Abastecimento e Desenvolvimento Rural; Educa\u00e7\u00e3o; e Sa\u00fade. Sua dedica\u00e7\u00e3o \u00e0 cidade de Santa Rita do Sapuca\u00ed \u00e9 evidente, viabilizando recursos e obras importantes. Pela trajet\u00f3ria marcada por realiza\u00e7\u00f5es em prol da comunidade e pelos servi\u00e7os prestados ao povo santa-ritense, Rafael Sim\u00f5es \u00e9 merecedor da Medalha Delfim Moreira. Seu legado perdura corno exemplo de lideran\u00e7a comprometida com o desenvolvimento, sa\u00fade e bem-estar da popula\u00e7\u00e3o.","indexacao":"","arquivo":"http://sapl.santaritadosapucai.mg.leg.br/media/sapl/public/documentoacessorio/2023/1527/projeto_de_decreto_legislativo_n_13-2023-parecer.pdf","data_ultima_atualizacao":"2023-12-07T09:39:04.284568-03:00","materia":3193,"tipo":1}