{"id":1528,"__str__":"Parecer - COMISS\u00c3O ESPECIAL de 05/12/2023 por Vereador Manoel Messias Felix:","link_detail_backend":"/materia/documentoacessorio/1528","metadata":{},"nome":"COMISS\u00c3O ESPECIAL","data":"2023-12-05","autor":"Vereador Manoel Messias Felix:","ementa":"Este projeto tem a finalidade de conceder o t\u00edtulo de cidad\u00e3o honor\u00e1rio santa-ritense ao senhor Deputado Estadual Ulysses Gomes. O Deputado Estadual Ulysses Gomes tem 46 anos, \u00e9 p\u00f3s-graduado em Administra\u00e7\u00e3o P\u00fablica, casado e pai de dois filhos. Natural de Itajub\u00e1, Ulysses est\u00e1 em seu quarto mandato como deputado estadual, tendo sido reeleito em 2022 com a expressiva vota\u00e7\u00e3o de 95.598 votos recebidos. Ele \u00e9 l\u00edder do Bloco\r\nDemocracia e Luta na Assembleia Legislativa de Minas Gerais, coordenando a atua\u00e7\u00e3o de 20 deputados e deputadas, de cinco partidos diferentes. Ulysses foi tamb\u00e9m 1\u00b0 secret\u00e1rio da Mesa da Assembleia, entre 2015 e 2017. Filho de pai oper\u00e1rio e de m\u00e3e dona de casa, Ulysses teve uma inf\u00e2ncia\r\nsimples, trabalhou como metal\u00fargico e iniciou sua vida pol\u00edtica como vereador de Itajub\u00e1. Foi coordenador diocesano da Pastoral da Juventude da Arquidiocese de Pouso Alegre, fundador do Diret\u00f3rio Central dos Estudantes da FEPI e membro da Coordena\u00e7\u00e3o da Frente Estadual dos Direitos da Crian\u00e7a e do Adolescente. Nos \u00faltimos anos, Ulysses atuou na defesa de pautas importantes para todo o estado, como o pagamento do piso para os profissionais da Educa\u00e7\u00e3o e o congelamento do valor do IPVA. Ulysses tamb\u00e9m \u00e9 defensor da causa autista, sendo autor de diversos projetos de lei, inclusive o que instituiu o laudo permanente para pessoas com autismo. Em Santa Rita do Sapucai Ulysses realizou investimentos em prol da\r\npopula\u00e7\u00e3o santa-ritense com destina\u00e7\u00e3o de emendas parlamentares para as \u00e1reas de Educa\u00e7\u00e3o, Sa\u00fade e Meio Ambiente. Tamb\u00e9m foi autor do Projeto de Lei que reconheceu o p\u00e3o cheio como Patrim\u00f4nio imaterial do Estado de Minas Gerais.","indexacao":"","arquivo":"http://sapl.santaritadosapucai.mg.leg.br/media/sapl/public/documentoacessorio/2023/1528/projeto_de_decreto_legislativo_n_14-2023-parecer.pdf","data_ultima_atualizacao":"2023-12-07T09:42:12.627868-03:00","materia":3194,"tipo":1}