{"id":2812,"__str__":"Indica\u00e7\u00e3o n\u00ba 68 de 2022","link_detail_backend":"/materia/2812","metadata":{},"numero":68,"ano":2022,"numero_protocolo":null,"data_apresentacao":"2022-08-30","tipo_apresentacao":"E","data_publicacao":"2022-09-23","numero_origem_externa":"","ano_origem_externa":null,"data_origem_externa":null,"apelido":"","dias_prazo":null,"data_fim_prazo":null,"em_tramitacao":false,"polemica":false,"objeto":"","complementar":false,"ementa":"Diante do exposto e, acreditando sempre na administra\u00e7\u00e3o do nosso Prefeito Municipal Prof.\u00b0 Wander Wilson Chaves, indico: \"entrar em contato\r\ncom a empresa respons\u00e1vel pela ilumina\u00e7\u00e3o p\u00fablica de nossa cidade e solicitar a inser\u00e7\u00e3o de bra\u00e7os de ilumina\u00e7\u00e3o p\u00fablica nos postes existentes em\r\nfrente \u00e0 Igreja Cat\u00f3lica Sagrado Cora\u00e7\u00e3o de Jesus, localizada no bairro Roseira (fotografias em anexo), para atendermos aos in\u00fameros pedidos dos\r\nmoradores daquele local. \"","indexacao":"","observacao":"","resultado":"","texto_original":"http://sapl.santaritadosapucai.mg.leg.br/media/sapl/public/materialegislativa/2022/2812/indicacao_n_68-2022.pdf","data_ultima_atualizacao":"2022-09-23T15:29:10.523813-03:00","ip":"138.94.54.239","ultima_edicao":"2022-09-23T15:27:40.413278-03:00","tipo":8,"regime_tramitacao":1,"tipo_origem_externa":null,"local_origem_externa":null,"user":64,"anexadas":[],"autores":[83]}