{"id":2927,"__str__":"Projeto de Resolu\u00e7\u00e3o n\u00ba 1 de 2023","link_detail_backend":"/materia/2927","metadata":{},"numero":1,"ano":2023,"numero_protocolo":null,"data_apresentacao":"2023-01-10","tipo_apresentacao":"E","data_publicacao":"2023-02-14","numero_origem_externa":"1","ano_origem_externa":2023,"data_origem_externa":"2023-01-10","apelido":"","dias_prazo":null,"data_fim_prazo":null,"em_tramitacao":false,"polemica":false,"objeto":"","complementar":false,"ementa":"Institui a Galeria Lil\u00e1s da C\u00e2mara Municipal de Santa Rita do Sapucal/MG e d\u00e1 outras provid\u00eancias.","indexacao":"","observacao":"","resultado":"","texto_original":"http://sapl.santaritadosapucai.mg.leg.br/media/sapl/public/materialegislativa/2023/2927/projeto_de_resolucao__n_1-2023.pdf","data_ultima_atualizacao":"2023-02-14T10:32:24.794856-03:00","ip":"138.94.54.239","ultima_edicao":"2023-02-14T10:28:33.179014-03:00","tipo":2,"regime_tramitacao":1,"tipo_origem_externa":2,"local_origem_externa":2,"user":65,"anexadas":[],"autores":[80,81,8]}