{"id":2928,"__str__":"Projeto de Resolu\u00e7\u00e3o n\u00ba 3 de 2023","link_detail_backend":"/materia/2928","metadata":{},"numero":3,"ano":2023,"numero_protocolo":null,"data_apresentacao":"2023-01-19","tipo_apresentacao":"E","data_publicacao":"2023-02-14","numero_origem_externa":"","ano_origem_externa":null,"data_origem_externa":null,"apelido":"","dias_prazo":null,"data_fim_prazo":null,"em_tramitacao":false,"polemica":false,"objeto":"","complementar":false,"ementa":"Institui a Galeria dos Presidentes da C\u00e2mara Municipal de Santa Rita do Sapuca\u00ed/MG e d\u00e1 outras provid\u00eancias.","indexacao":"","observacao":"","resultado":"","texto_original":"http://sapl.santaritadosapucai.mg.leg.br/media/sapl/public/materialegislativa/2023/2928/projeto_de_resolucao_n_3-2023.pdf","data_ultima_atualizacao":"2023-02-14T10:33:43.673333-03:00","ip":"138.94.54.239","ultima_edicao":"2023-02-14T10:32:28.116328-03:00","tipo":2,"regime_tramitacao":1,"tipo_origem_externa":null,"local_origem_externa":null,"user":65,"anexadas":[],"autores":[80,81,8]}