{"id":2967,"__str__":"Indica\u00e7\u00e3o n\u00ba 22 de 2023","link_detail_backend":"/materia/2967","metadata":{},"numero":22,"ano":2023,"numero_protocolo":null,"data_apresentacao":"2023-03-09","tipo_apresentacao":"E","data_publicacao":"2023-03-14","numero_origem_externa":"","ano_origem_externa":null,"data_origem_externa":null,"apelido":"","dias_prazo":null,"data_fim_prazo":null,"em_tramitacao":false,"polemica":false,"objeto":"","complementar":false,"ementa":"Diante do exposto e, acreditando sempre na Administra\u00e7\u00e3o do nosso prefeito Prof. Wander Wilson Chaves, indico a necessidade urgente de se cuidar das\r\n\u00e1rvores j\u00e1 plantadas, bem como executar um projeto de arboriza\u00e7\u00e3o das vias p\u00fablicas de Santa Rita do Sapuca\u00ed, iniciando-se pela poda das \u00e1rvores no\r\nLoteamento Est\u00e2ncia das \u00c1guas, localizado no Bairro Vint\u00e9m, para atendermos aos in\u00fameros pedidos dos moradores.","indexacao":"","observacao":"","resultado":"","texto_original":"http://sapl.santaritadosapucai.mg.leg.br/media/sapl/public/materialegislativa/2023/2967/indicacao_n_22-2023.pdf","data_ultima_atualizacao":"2023-03-14T13:44:28.668384-03:00","ip":"138.94.54.239","ultima_edicao":"2023-03-14T13:43:20.091288-03:00","tipo":8,"regime_tramitacao":1,"tipo_origem_externa":null,"local_origem_externa":null,"user":65,"anexadas":[],"autores":[82]}