{"id":2968,"__str__":"Indica\u00e7\u00e3o n\u00ba 23 de 2023","link_detail_backend":"/materia/2968","metadata":{},"numero":23,"ano":2023,"numero_protocolo":null,"data_apresentacao":"2023-03-09","tipo_apresentacao":"E","data_publicacao":"2023-03-14","numero_origem_externa":"","ano_origem_externa":null,"data_origem_externa":null,"apelido":"","dias_prazo":null,"data_fim_prazo":null,"em_tramitacao":false,"polemica":false,"objeto":"","complementar":false,"ementa":"Diante do exposto e, acreditando sempre na administra\u00e7\u00e3o do nosso prefeito, Prof. Wander Wilson Chaves indico NOVAMENTE: \"a necessidade de se\r\ninstalar biciclet\u00e1rios p\u00fablicos em diversos locais estrat\u00e9gicos, principalmente no centro da cidade, para atendermos aos in\u00fameros pedidos dos ciclistas do nosso munic\u00edpio.\"","indexacao":"","observacao":"","resultado":"","texto_original":"http://sapl.santaritadosapucai.mg.leg.br/media/sapl/public/materialegislativa/2023/2968/indicacao_n_23-2023.pdf","data_ultima_atualizacao":"2023-03-14T13:46:55.935239-03:00","ip":"138.94.54.239","ultima_edicao":"2023-03-14T13:45:44.072698-03:00","tipo":8,"regime_tramitacao":1,"tipo_origem_externa":null,"local_origem_externa":null,"user":65,"anexadas":[],"autores":[43]}