{"id":2975,"__str__":"Requerimento n\u00ba 12 de 2023","link_detail_backend":"/materia/2975","metadata":{},"numero":12,"ano":2023,"numero_protocolo":null,"data_apresentacao":"2023-03-20","tipo_apresentacao":"E","data_publicacao":"2023-03-22","numero_origem_externa":"","ano_origem_externa":null,"data_origem_externa":null,"apelido":"","dias_prazo":null,"data_fim_prazo":null,"em_tramitacao":false,"polemica":false,"objeto":"","complementar":false,"ementa":"Na \u00faltima sexta-feira (17/03), ap\u00f3s grande repercuss\u00e3o nas redes sociais, compareci na Avenida Sinh\u00e1 Moreira e constatei que foram realizadas podas radicais em tr\u00eas \u00e1rvores naquela via.","indexacao":"","observacao":"","resultado":"","texto_original":"http://sapl.santaritadosapucai.mg.leg.br/media/sapl/public/materialegislativa/2023/2975/requerimento_n_12-2023.pdf","data_ultima_atualizacao":"2023-03-22T13:56:16.719515-03:00","ip":"138.94.54.239","ultima_edicao":"2023-03-22T13:52:03.858935-03:00","tipo":3,"regime_tramitacao":1,"tipo_origem_externa":null,"local_origem_externa":null,"user":65,"anexadas":[],"autores":[79]}