{"id":2992,"__str__":"Mo\u00e7\u00e3o n\u00ba 3 de 2023","link_detail_backend":"/materia/2992","metadata":{},"numero":3,"ano":2023,"numero_protocolo":null,"data_apresentacao":"2023-04-04","tipo_apresentacao":"E","data_publicacao":"2023-04-05","numero_origem_externa":"","ano_origem_externa":null,"data_origem_externa":null,"apelido":"","dias_prazo":null,"data_fim_prazo":null,"em_tramitacao":false,"polemica":false,"objeto":"","complementar":false,"ementa":"Diante de todo o exposto, nada mais justo que os Poderes Legislativo e Executivo, preste homenagens ao Servi\u00e7o de Apoio \u00e0s Micro e Pequenas Empresas - SEBRAE, por suas in\u00fameras contribui\u00e7\u00f5es ao desenvolvimento deste Munic\u00edpio. Assim, na qualidade de vereador, requeiro seja submetida \u00e0 aprova\u00e7\u00e3o do Plen\u00e1rio a presente Mo\u00e7\u00e3o de Congratula\u00e7\u00f5es, para que passe a expressar o reconhecimento da C\u00e2mara Municipal de Santa Rita do Sapuca\u00ed a essa importante institui\u00e7\u00e3o.","indexacao":"","observacao":"","resultado":"","texto_original":"http://sapl.santaritadosapucai.mg.leg.br/media/sapl/public/materialegislativa/2023/2992/mocao_de_congratulacoes_n_3-2023.pdf","data_ultima_atualizacao":"2023-04-05T13:10:49.889925-03:00","ip":"170.150.92.99","ultima_edicao":"2023-04-05T13:05:47.891909-03:00","tipo":7,"regime_tramitacao":1,"tipo_origem_externa":null,"local_origem_externa":null,"user":65,"anexadas":[],"autores":[82]}