{"id":2997,"__str__":"Indica\u00e7\u00e3o n\u00ba 2 de 2023","link_detail_backend":"/materia/2997","metadata":{},"numero":2,"ano":2023,"numero_protocolo":null,"data_apresentacao":"2023-01-11","tipo_apresentacao":"E","data_publicacao":"2023-04-26","numero_origem_externa":"","ano_origem_externa":null,"data_origem_externa":null,"apelido":"","dias_prazo":null,"data_fim_prazo":null,"em_tramitacao":false,"polemica":false,"objeto":"","complementar":false,"ementa":"Diante do exposto, indico ao Prefeito Municipal que envie \u00e0 C\u00e2mara Municipal projeto de lei, de sua autoria privativa: 1\u00b0) estendendo aos servidores comissionados e aos contratados por tempo determinado que sejam ascendentes e tenham a guarda de pessoa dentro do espectro autista ou portadora de doen\u00e7a imunol\u00f3gica considerada rara na literatura m\u00e9dica, o direito \u00e0 redu\u00e7\u00e3o de 25% da carga hor\u00e1ria do seu expediente di\u00e1rio, sem que haja desconto equivalente em vencimentos; 2\u00b0) alterando a reda\u00e7\u00e3o da lei, substituindo o termo \"pessoa portadora de transtorno do espectro autista e doen\u00e7as imunol\u00f3gicas\" pela express\u00e3o correta que \u00e9 \"pessoa dentro do espectro autista ou pessoa portadora de doen\u00e7a imunol\u00f3gica considerada rara na literatura m\u00e9dica\".","indexacao":"","observacao":"","resultado":"","texto_original":"http://sapl.santaritadosapucai.mg.leg.br/media/sapl/public/materialegislativa/2023/2997/indicacao_n_2-2023.pdf","data_ultima_atualizacao":"2023-04-26T13:23:23.725262-03:00","ip":"138.94.54.239","ultima_edicao":"2023-04-26T13:19:35.424683-03:00","tipo":8,"regime_tramitacao":1,"tipo_origem_externa":null,"local_origem_externa":null,"user":65,"anexadas":[],"autores":[81]}