{"id":3076,"__str__":"Mo\u00e7\u00e3o n\u00ba 11 de 2023","link_detail_backend":"/materia/3076","metadata":{},"numero":11,"ano":2023,"numero_protocolo":null,"data_apresentacao":"2023-08-15","tipo_apresentacao":"E","data_publicacao":"2023-08-17","numero_origem_externa":"","ano_origem_externa":null,"data_origem_externa":null,"apelido":"","dias_prazo":null,"data_fim_prazo":null,"em_tramitacao":false,"polemica":false,"objeto":"","complementar":false,"ementa":"Esse apoio e essa confian\u00e7a s\u00e3o retribu\u00eddos com a\u00e7\u00f5es sociais, como a parceria entre a academia e a associa\u00e7\u00e3o Projeto Social Garotos e Garotas da Vila. Outro exemplo \u00e9 a atua\u00e7\u00e3o conjunta com o Instituto Nacional de Telecomunica\u00e7\u00f5es, no \u00e2mbito do programa Inatel Cultural, para dar acesso gratuito aos estudantes da rede municipal de ensino \u00e0 estreia do espet\u00e1culo anual de dan\u00e7a.","indexacao":"","observacao":"","resultado":"","texto_original":"http://sapl.santaritadosapucai.mg.leg.br/media/sapl/public/materialegislativa/2023/3076/mocao_de_congratulacoes_n_11-2023.pdf","data_ultima_atualizacao":"2023-08-17T09:05:51.777093-03:00","ip":"170.150.93.21","ultima_edicao":"2023-08-17T09:03:49.112384-03:00","tipo":7,"regime_tramitacao":1,"tipo_origem_externa":null,"local_origem_externa":null,"user":65,"anexadas":[],"autores":[76,75,84]}