{"id":3099,"__str__":"Projeto de Lei (C\u00e2mara) n\u00ba 29 de 2023","link_detail_backend":"/materia/3099","metadata":{},"numero":29,"ano":2023,"numero_protocolo":null,"data_apresentacao":"2023-08-01","tipo_apresentacao":"E","data_publicacao":"2023-08-30","numero_origem_externa":"","ano_origem_externa":null,"data_origem_externa":null,"apelido":"","dias_prazo":null,"data_fim_prazo":null,"em_tramitacao":true,"polemica":false,"objeto":"","complementar":false,"ementa":"A pra\u00e7a sem nome do Loteamento Viana, localizada na converg\u00eancia da Rua Dr. Jos\u00e9 Wilfredo Rojas Martinez com a Avenida Sebasti\u00e3o Reginaldo Cunha passa a denominar-se \"Pra\u00e7a Maria Nazar\u00e9 de Martha\".","indexacao":"","observacao":"","resultado":"","texto_original":"http://sapl.santaritadosapucai.mg.leg.br/media/sapl/public/materialegislativa/2023/3099/projeto_de_lei_n_29a-2023.pdf","data_ultima_atualizacao":"2023-08-30T15:01:15.712238-03:00","ip":"170.150.93.21","ultima_edicao":"2023-08-30T14:57:25.163041-03:00","tipo":1,"regime_tramitacao":1,"tipo_origem_externa":null,"local_origem_externa":null,"user":65,"anexadas":[],"autores":[76,79,8]}