{"id":3135,"__str__":"Requerimento n\u00ba 40 de 2023","link_detail_backend":"/materia/3135","metadata":{},"numero":40,"ano":2023,"numero_protocolo":null,"data_apresentacao":"2023-09-29","tipo_apresentacao":"E","data_publicacao":"2023-10-04","numero_origem_externa":"","ano_origem_externa":null,"data_origem_externa":null,"apelido":"","dias_prazo":null,"data_fim_prazo":null,"em_tramitacao":false,"polemica":false,"objeto":"","complementar":false,"ementa":"Diante do exposto, requeiro a Vossa Excel\u00eancia que submeta ao Plen\u00e1rio este requerimento de convoca\u00e7\u00e3o do Secret\u00e1rio Municipal de Seguran\u00e7a P\u00fablica, Transporte, Tr\u00e2nsito, Rodovi\u00e1rio e Mobilidade Urbana, Cel. Daniel Paulino de Souza; e da Secret\u00e1ria Municipal de Desenvolvimento Social, Maria Ang\u00e9lica Ferreira Fonseca, para comparecerem \u00e0 reuni\u00e3o da C\u00e2mara Municipal com o fim de participarem de audi\u00eancia p\u00fablica para discuss\u00e3o sobre o problema aumento significativo do n\u00famero de pessoas em situa\u00e7\u00e3o de rua, que ocupam diversos pontos do centro de Santa Rita do Sapuca\u00ed, especialmente as escadarias e a marquise do Santu\u00e1rio de Santa Rita de C\u00e1ssia.","indexacao":"","observacao":"","resultado":"","texto_original":"http://sapl.santaritadosapucai.mg.leg.br/media/sapl/public/materialegislativa/2023/3135/requerimento_n_40-2023.pdf","data_ultima_atualizacao":"2023-10-04T09:07:56.531857-03:00","ip":"170.150.93.21","ultima_edicao":"2023-10-04T09:06:51.840069-03:00","tipo":3,"regime_tramitacao":1,"tipo_origem_externa":null,"local_origem_externa":null,"user":65,"anexadas":[],"autores":[78]}