{"id":3142,"__str__":"Mo\u00e7\u00e3o n\u00ba 13 de 2023","link_detail_backend":"/materia/3142","metadata":{},"numero":13,"ano":2023,"numero_protocolo":null,"data_apresentacao":"2023-10-03","tipo_apresentacao":"E","data_publicacao":"2023-10-04","numero_origem_externa":"","ano_origem_externa":null,"data_origem_externa":null,"apelido":"","dias_prazo":null,"data_fim_prazo":null,"em_tramitacao":false,"polemica":false,"objeto":"","complementar":false,"ementa":"Ante o exposto, submetemos \u00e0 aprova\u00e7\u00e3o do plen\u00e1rio esta singela homenagem ao Col\u00e9gio Tecnol\u00f3gico Delfim Moreira no m\u00eas em que celebramos seu anivers\u00e1rio e sucesso em nossa comunidade.","indexacao":"","observacao":"","resultado":"","texto_original":"http://sapl.santaritadosapucai.mg.leg.br/media/sapl/public/materialegislativa/2023/3142/mocao_de_congratulacoes_n_13-2023-colegio_tecnologico.pdf","data_ultima_atualizacao":"2023-10-04T10:08:57.656650-03:00","ip":"170.150.93.21","ultima_edicao":"2023-10-04T10:07:31.722585-03:00","tipo":7,"regime_tramitacao":1,"tipo_origem_externa":null,"local_origem_externa":null,"user":65,"anexadas":[],"autores":[76,79,81,84]}