{"id":3175,"__str__":"Projeto de Lei (C\u00e2mara) n\u00ba 40 de 2023","link_detail_backend":"/materia/3175","metadata":{},"numero":40,"ano":2023,"numero_protocolo":null,"data_apresentacao":"2023-10-10","tipo_apresentacao":"E","data_publicacao":"2023-11-30","numero_origem_externa":"","ano_origem_externa":null,"data_origem_externa":null,"apelido":"","dias_prazo":null,"data_fim_prazo":null,"em_tramitacao":true,"polemica":false,"objeto":"","complementar":false,"ementa":"A Pra\u00e7a da Crian\u00e7a, localizada no bairro Eletr\u00f4nica Sinh\u00e1 Moreira, Santa Rita do Sapuca\u00ed/MG, passa a denominar-se \"Pra\u00e7a da Crian\u00e7a Vict\u00f3ria Telles Capistrano\".","indexacao":"","observacao":"","resultado":"","texto_original":"http://sapl.santaritadosapucai.mg.leg.br/media/sapl/public/materialegislativa/2023/3175/projeto_de_lei_n_40a-2023_-_toninho.pdf","data_ultima_atualizacao":"2023-11-30T08:35:04.322224-03:00","ip":"170.150.93.21","ultima_edicao":"2023-11-30T08:27:10.429671-03:00","tipo":1,"regime_tramitacao":1,"tipo_origem_externa":null,"local_origem_externa":null,"user":65,"anexadas":[],"autores":[75]}