{"id":3183,"__str__":"Mo\u00e7\u00e3o n\u00ba 24 de 2023","link_detail_backend":"/materia/3183","metadata":{},"numero":24,"ano":2023,"numero_protocolo":null,"data_apresentacao":"2023-11-28","tipo_apresentacao":"E","data_publicacao":"2023-11-30","numero_origem_externa":"","ano_origem_externa":null,"data_origem_externa":null,"apelido":"","dias_prazo":null,"data_fim_prazo":null,"em_tramitacao":false,"polemica":false,"objeto":"","complementar":false,"ementa":"DIANTE DO EXPOSTO, ESPERO A APROVA\u00c7\u00c3O DESTA SINGELA HOMENAGEM A ANA FL\u00c1VIA DA SILVA, JOVEM DE TALENTO E FUTURO QUE COLOCA O NOME DE NOSSO MUNIC\u00cdPIO NO TOPO DO P\u00d3DIO.","indexacao":"","observacao":"","resultado":"","texto_original":"http://sapl.santaritadosapucai.mg.leg.br/media/sapl/public/materialegislativa/2023/3183/mocao_de_congratulacoes_n_24-2023.pdf","data_ultima_atualizacao":"2023-11-30T08:59:04.180480-03:00","ip":"170.150.93.21","ultima_edicao":"2023-11-30T08:56:38.419424-03:00","tipo":7,"regime_tramitacao":1,"tipo_origem_externa":null,"local_origem_externa":null,"user":65,"anexadas":[],"autores":[76]}