{"id":3213,"__str__":"Indica\u00e7\u00e3o n\u00ba 102 de 2023","link_detail_backend":"/materia/3213","metadata":{},"numero":102,"ano":2023,"numero_protocolo":null,"data_apresentacao":"2023-11-14","tipo_apresentacao":"E","data_publicacao":"2024-01-02","numero_origem_externa":"","ano_origem_externa":null,"data_origem_externa":null,"apelido":"","dias_prazo":null,"data_fim_prazo":null,"em_tramitacao":false,"polemica":false,"objeto":"","complementar":false,"ementa":"Diante do exposto, e acreditando sempre na administra\u00e7\u00e3o do prefeito Prof. Wander Wilson Chaves, indico ao Poder Executivo a necessidade de revitaliza\u00e7\u00e3o da quadra de esportes da Pra\u00e7a Moacyr Carneiro dos Santos, com adapta\u00e7\u00e3o que a transforme no primeiro espa\u00e7o p\u00fablico para a pr\u00e1tica do t\u00eanis no munic\u00edpio.","indexacao":"","observacao":"","resultado":"","texto_original":"http://sapl.santaritadosapucai.mg.leg.br/media/sapl/public/materialegislativa/2023/3213/indicacao_n_102-2023_-_longuinho.pdf","data_ultima_atualizacao":"2024-01-02T15:15:43.558216-03:00","ip":"170.150.93.21","ultima_edicao":"2024-01-02T15:14:47.281464-03:00","tipo":8,"regime_tramitacao":1,"tipo_origem_externa":null,"local_origem_externa":null,"user":65,"anexadas":[],"autores":[76]}