{"id":3601,"__str__":"Requerimento n\u00ba 8 de 2025","link_detail_backend":"/materia/3601","metadata":{},"numero":8,"ano":2025,"numero_protocolo":null,"data_apresentacao":"2025-02-20","tipo_apresentacao":"E","data_publicacao":null,"numero_origem_externa":"","ano_origem_externa":null,"data_origem_externa":null,"apelido":"","dias_prazo":null,"data_fim_prazo":null,"em_tramitacao":false,"polemica":false,"objeto":"","complementar":false,"ementa":"Vereadora requer que, ap\u00f3s aprova\u00e7\u00e3o do Plen\u00e1rio, seja encaminhado ao senhor Prefeito Municipal, Leandro Henrique Mendes, o seguinte pedido de informa\u00e7\u00f5es sobre a regulariza\u00e7\u00e3o do munic\u00edpio para recebimento de recursos destinados \u00e0 seguran\u00e7a p\u00fablica:\r\n\r\n\uf0b7 O Conselho Municipal de Seguran\u00e7a P\u00fablica de Santa Rita do Sapuca\u00ed (COMSEP) encontra-se ativo e devidamente regularizado?\r\n\uf0b7 O munic\u00edpio est\u00e1 em conformidade com os requisitos do Conselho Estadual de Seguran\u00e7a P\u00fablica e Defesa Social (CONSESP)?\r\n\uf0b7 Caso haja pend\u00eancias, quais s\u00e3o as medidas adotadas para sua regulariza\u00e7\u00e3o e qual o prazo estimado?\r\n\uf0b7 Todas as certifica\u00e7\u00f5es e inscri\u00e7\u00f5es exigidas pela Secretaria de Estado de Justi\u00e7a e Seguran\u00e7a P\u00fablica (SEJUSP) e demais \u00f3rg\u00e3os competentes est\u00e3o ativas e regularizadas?\r\n\uf0b7 Se houver pend\u00eancias, quais s\u00e3o os tr\u00e2mites necess\u00e1rios para adequa\u00e7\u00e3o e qual a previs\u00e3o para regulariza\u00e7\u00e3o?","indexacao":"","observacao":"","resultado":"","texto_original":"http://sapl.santaritadosapucai.mg.leg.br/media/sapl/public/materialegislativa/2025/3601/requerimento_no_08_-_2025_-_vereadora_tati.pdf","data_ultima_atualizacao":"2025-05-13T15:29:18.011085-03:00","ip":"170.150.93.21","ultima_edicao":"2025-05-13T15:29:17.829168-03:00","tipo":3,"regime_tramitacao":1,"tipo_origem_externa":null,"local_origem_externa":null,"user":57,"anexadas":[],"autores":[99]}