{"id":3657,"__str__":"Requerimento n\u00ba 18 de 2025","link_detail_backend":"/materia/3657","metadata":{},"numero":18,"ano":2025,"numero_protocolo":null,"data_apresentacao":"2025-04-03","tipo_apresentacao":"E","data_publicacao":null,"numero_origem_externa":"","ano_origem_externa":null,"data_origem_externa":null,"apelido":"","dias_prazo":null,"data_fim_prazo":null,"em_tramitacao":false,"polemica":false,"objeto":"","complementar":false,"ementa":"Vereador requer, nos termos do Regimento Interno da C\u00e2mara Municipal, que o Prefeito Municipal Leandro Henrique Mendes encaminhe, no prazo legal de 15 (quinze) dias, resposta aos seguintes questionamentos:\r\n\r\n\uf0b7 Qual secretaria ou departamento da Administra\u00e7\u00e3o Municipal \u00e9 respons\u00e1vel pela coordena\u00e7\u00e3o e autoriza\u00e7\u00e3o das podas de \u00e1rvores realizadas na cidade?\r\n\uf0b7 Quem \u00e9 o servidor p\u00fablico respons\u00e1vel pela autoriza\u00e7\u00e3o pr\u00e9via dessas interven\u00e7\u00f5es?\r\n\uf0b7 Existe procedimento de avalia\u00e7\u00e3o t\u00e9cnica antes da realiza\u00e7\u00e3o das podas? Em caso positivo, qual o profissional respons\u00e1vel pela avalia\u00e7\u00e3o (bi\u00f3logo,\r\nengenheiro agr\u00f4nomo, engenheiro florestal ou outro)?\r\n\uf0b7 Quais s\u00e3o os crit\u00e9rios utilizados para definir o tipo e a intensidade da poda a ser executada?","indexacao":"","observacao":"","resultado":"","texto_original":"http://sapl.santaritadosapucai.mg.leg.br/media/sapl/public/materialegislativa/2025/3657/18_-_fabio_-_podas_drasticas.pdf","data_ultima_atualizacao":"2025-05-10T10:49:16.510847-03:00","ip":"170.233.15.174","ultima_edicao":"2025-05-10T10:49:16.364425-03:00","tipo":3,"regime_tramitacao":1,"tipo_origem_externa":null,"local_origem_externa":null,"user":57,"anexadas":[],"autores":[97]}