{"id":3658,"__str__":"Indica\u00e7\u00e3o n\u00ba 64 de 2025","link_detail_backend":"/materia/3658","metadata":{},"numero":64,"ano":2025,"numero_protocolo":null,"data_apresentacao":"2025-04-03","tipo_apresentacao":"E","data_publicacao":null,"numero_origem_externa":"","ano_origem_externa":null,"data_origem_externa":null,"apelido":"","dias_prazo":null,"data_fim_prazo":null,"em_tramitacao":false,"polemica":false,"objeto":"","complementar":false,"ementa":"Vereador sugere que a Prefeitura Municipal promova a revitaliza\u00e7\u00e3o da Pra\u00e7a Urbana Carolina de Azevedo, no Bairro Santana, com as interven\u00e7\u00f5es indicadas, garantindo um ambiente mais adequado e atraente para todos que a utilizam.","indexacao":"","observacao":"","resultado":"","texto_original":"http://sapl.santaritadosapucai.mg.leg.br/media/sapl/public/materialegislativa/2025/3658/64_-_eduardo_-_praca_urbana_carolina.pdf","data_ultima_atualizacao":"2025-04-04T11:30:10.236936-03:00","ip":"170.150.93.21","ultima_edicao":"2025-04-04T11:25:40.222237-03:00","tipo":8,"regime_tramitacao":1,"tipo_origem_externa":null,"local_origem_externa":null,"user":57,"anexadas":[],"autores":[96]}