{"id":3712,"__str__":"Requerimento n\u00ba 37 de 2025","link_detail_backend":"/materia/3712","metadata":{},"numero":37,"ano":2025,"numero_protocolo":null,"data_apresentacao":"2025-04-30","tipo_apresentacao":"E","data_publicacao":null,"numero_origem_externa":"","ano_origem_externa":null,"data_origem_externa":null,"apelido":"","dias_prazo":null,"data_fim_prazo":null,"em_tramitacao":false,"polemica":false,"objeto":"","complementar":false,"ementa":"Vereador requer que o Excelent\u00edssimo Senhor Prefeito Municipal Leandro Henrique Mendes, por meio do setor competente, encaminhe a esta Casa\r\nLegislativa, no prazo legal, as seguintes informa\u00e7\u00f5es:\r\n\r\n\uf0b7 Existe planejamento formal para a amplia\u00e7\u00e3o do sistema de c\u00e2meras de seguran\u00e7a no munic\u00edpio? Em caso afirmativo, qual o cronograma\r\ndetalhado, com previs\u00e3o de instala\u00e7\u00e3o por regi\u00e3o ou ponto estrat\u00e9gico?\r\n\r\n\uf0b7 Quais localidades est\u00e3o priorizadas para a instala\u00e7\u00e3o de novas c\u00e2meras, especialmente nos seguintes pontos:\r\n\uf0b7 Regi\u00e3o da Nova Cidade;\r\n\uf0b7 Acessos rurais do munic\u00edpio;\r\n\uf0b7 Avenida Frederico de Paula Cunha;\r\n\uf0b7 Pra\u00e7as p\u00fablicas e \u00e1reas de grande circula\u00e7\u00e3o de pessoas.\r\n\r\n\uf0b7 Quais os crit\u00e9rios t\u00e9cnicos adotados para defini\u00e7\u00e3o dos locais a serem monitorados?\r\n\r\n\uf0b7 Qual o modelo de gest\u00e3o do sistema de videomonitoramento atual (pr\u00f3prio, terceirizado, em conv\u00eanio com \u00f3rg\u00e3os de seguran\u00e7a)?\r\n\r\n\uf0b7 H\u00e1 previs\u00e3o de investimentos espec\u00edficos na \u00e1rea de seguran\u00e7a eletr\u00f4nica ainda no exerc\u00edcio de 2025?","indexacao":"","observacao":"","resultado":"","texto_original":"http://sapl.santaritadosapucai.mg.leg.br/media/sapl/public/materialegislativa/2025/3712/requerimento_37_-_dulle_-_cameras_de_seguranca.pdf","data_ultima_atualizacao":"2025-05-10T10:45:47.612559-03:00","ip":"170.233.15.174","ultima_edicao":"2025-05-10T10:45:47.423179-03:00","tipo":3,"regime_tramitacao":1,"tipo_origem_externa":null,"local_origem_externa":null,"user":57,"anexadas":[],"autores":[94]}