{"id":3741,"__str__":"Projeto de Lei (C\u00e2mara) n\u00ba 23 de 2025","link_detail_backend":"/materia/3741","metadata":{},"numero":23,"ano":2025,"numero_protocolo":null,"data_apresentacao":"2025-05-15","tipo_apresentacao":"E","data_publicacao":null,"numero_origem_externa":"","ano_origem_externa":null,"data_origem_externa":null,"apelido":"","dias_prazo":null,"data_fim_prazo":null,"em_tramitacao":false,"polemica":false,"objeto":"","complementar":false,"ementa":"D\u00e1 denomina\u00e7\u00e3o ao Parque Central de Eventos do Munic\u00edpio, conferindo a \u00e1rea p\u00fablica no Bairro Fam\u00edlia Andrade o nome de \u201cVereador Adir Canestraro\u201d, em homenagem ao ex-parlamentar, empres\u00e1rio e servidor p\u00fablico.","indexacao":"","observacao":"","resultado":"","texto_original":"http://sapl.santaritadosapucai.mg.leg.br/media/sapl/public/materialegislativa/2025/3741/projeto_de_lei_23a-2025_parque_central_de_eventos_gato_longuinho_e_tatinha.pdf","data_ultima_atualizacao":"2025-05-28T10:37:37.738502-03:00","ip":"170.150.93.21","ultima_edicao":"2025-05-28T10:37:37.572858-03:00","tipo":1,"regime_tramitacao":1,"tipo_origem_externa":null,"local_origem_externa":null,"user":57,"anexadas":[],"autores":[79]}