{"id":3861,"__str__":"Projeto de Lei Complementar (Prefeitura) n\u00ba 7 de 2025","link_detail_backend":"/materia/3861","metadata":{},"numero":7,"ano":2025,"numero_protocolo":null,"data_apresentacao":"2025-08-20","tipo_apresentacao":"E","data_publicacao":null,"numero_origem_externa":"","ano_origem_externa":null,"data_origem_externa":null,"apelido":"","dias_prazo":null,"data_fim_prazo":null,"em_tramitacao":false,"polemica":false,"objeto":"","complementar":false,"ementa":"Altera a reda\u00e7\u00e3o da Lei Complementar n\u00b0117, de 8 de janeiro de 2021, que institui o Plano de Cargos e Sal\u00e1rios dos servidores p\u00fablicos do Munic\u00edpio de Santa Rita do Sapuca\u00ed/MG, para modificar a denomina\u00e7\u00e3o da fun\u00e7\u00e3o comissionada de \"Professor Assistente\" para \"Coordenador\".","indexacao":"","observacao":"","resultado":"","texto_original":"http://sapl.santaritadosapucai.mg.leg.br/media/sapl/public/materialegislativa/2025/3861/projeto_de_lei_complementar_no_7_-_2025_poder_executivo.pdf","data_ultima_atualizacao":"2025-08-25T11:08:53.304467-03:00","ip":"170.150.93.21","ultima_edicao":"2025-08-25T11:07:27.726204-03:00","tipo":5,"regime_tramitacao":1,"tipo_origem_externa":null,"local_origem_externa":null,"user":57,"anexadas":[],"autores":[]}