{"id":3976,"__str__":"Mo\u00e7\u00e3o n\u00ba 15 de 2025","link_detail_backend":"/materia/3976","metadata":{},"numero":15,"ano":2025,"numero_protocolo":null,"data_apresentacao":"2025-10-23","tipo_apresentacao":"O","data_publicacao":null,"numero_origem_externa":"","ano_origem_externa":null,"data_origem_externa":null,"apelido":"","dias_prazo":null,"data_fim_prazo":null,"em_tramitacao":false,"polemica":false,"objeto":"","complementar":false,"ementa":"Por ocasi\u00e3o dos anivers\u00e1rios, no m\u00eas de outubro, de 75 anos do Col\u00e9gio Tecnol\u00f3gico Delfim Moreira e de 70 anos da Funda\u00e7\u00e3o Educand\u00e1rio Santarritense \u2013 institui\u00e7\u00f5es homenageadas pelo Poder Legislativo por sua relevante contribui\u00e7\u00e3o \u00e0 educa\u00e7\u00e3o e ao desenvolvimento socioecon\u00f4mico do munic\u00edpio.","indexacao":"","observacao":"","resultado":"","texto_original":"http://sapl.santaritadosapucai.mg.leg.br/media/sapl/public/materialegislativa/2025/3976/15-2025_mocao_colegio_tecnologico_e_educandario_varios_autores.pdf","data_ultima_atualizacao":"2025-10-31T15:23:16.480322-03:00","ip":"170.150.93.153","ultima_edicao":"2025-10-31T15:23:16.078111-03:00","tipo":7,"regime_tramitacao":1,"tipo_origem_externa":null,"local_origem_externa":null,"user":57,"anexadas":[],"autores":[76]}