{"id":3982,"__str__":"Indica\u00e7\u00e3o n\u00ba 228 de 2025","link_detail_backend":"/materia/3982","metadata":{},"numero":228,"ano":2025,"numero_protocolo":null,"data_apresentacao":"2025-10-30","tipo_apresentacao":"E","data_publicacao":null,"numero_origem_externa":"","ano_origem_externa":null,"data_origem_externa":null,"apelido":"","dias_prazo":null,"data_fim_prazo":null,"em_tramitacao":false,"polemica":false,"objeto":"","complementar":false,"ementa":"Indica ao Poder Executivo a revitaliza\u00e7\u00e3o completa da Pra\u00e7a Santa Rita, visando as celebra\u00e7\u00f5es de fim de ano. A proposta solicita a repintura de guias, manuten\u00e7\u00e3o dos jardins e fontes,\r\nreparos no coreto e instala\u00e7\u00e3o de ilumina\u00e7\u00e3o natalina, preparando o principal cart\u00e3o-postal da cidade para o aumento do fluxo de pessoas e valorizando o com\u00e9rcio local.","indexacao":"","observacao":"","resultado":"","texto_original":"http://sapl.santaritadosapucai.mg.leg.br/media/sapl/public/materialegislativa/2025/3982/indicacao_no_228_-_2025_-_fabio.pdf","data_ultima_atualizacao":"2025-11-04T09:01:37.759055-03:00","ip":"170.150.93.153","ultima_edicao":"2025-11-04T09:01:37.524019-03:00","tipo":8,"regime_tramitacao":1,"tipo_origem_externa":null,"local_origem_externa":null,"user":57,"anexadas":[],"autores":[97]}