{"id":3273,"__str__":"Projeto de Lei (Prefeitura) n\u00ba 26 de 2020 | Parecer favor\u00e1vel | 16/03/2020","link_detail_backend":"/materia/tramitacao/3273","metadata":{},"timestamp":"2020-05-25T10:05:58.615502-03:00","data_tramitacao":"2020-03-16","data_encaminhamento":null,"urgente":false,"turno":"U","texto":"Este projeto de lei visa autorizar o pagamento de aluguel mensal do im\u00f3vel\r\nlocalizado \u00e0 Rua Cel. Joaquim In\u00e1cio, 245, de propriedade da Sra. Vera L\u00facia de Faria\r\nCosta, para instala\u00e7\u00e3o e funcionamento da Administra\u00e7\u00e3o Fazend\u00e1ria Estadual. O valor\r\nmensal do aluguel ser\u00e1 de R$1.400,00, pelo per\u00edodo de 12 meses, contados a partir da\r\ndata da assinatura do contrato de loca\u00e7\u00e3o.\r\nA Administra\u00e7\u00e3o Fazend\u00e1ria Estadual \u00e9 \u00f3rg\u00e3o ligado \u00e0 Secretaria de Estado da\r\nFazenda, respons\u00e1vel pela fiscaliza\u00e7\u00e3o e arrecada\u00e7\u00e3o de tributos no Estado de Minas\r\nGerais. \u00c9 importante manter esse \u00f3rg\u00e3o em nosso munic\u00edpio para que os cidad\u00e3os n\u00e3o\r\nprecisem se deslocar a cidades vizinhas para resolver problemas de natureza fiscal.","data_fim_prazo":null,"ip":"138.94.54.239","ultima_edicao":null,"status":6,"materia":2160,"unidade_tramitacao_local":4,"unidade_tramitacao_destino":39,"user":59}