{"id":3275,"__str__":"Projeto de Lei (C\u00e2mara) n\u00ba 9 de 2020 | Parecer favor\u00e1vel | 16/03/2020","link_detail_backend":"/materia/tramitacao/3275","metadata":{},"timestamp":"2020-05-25T13:46:38.115720-03:00","data_tramitacao":"2020-03-16","data_encaminhamento":null,"urgente":false,"turno":"U","texto":"Este projeto de lei visa dar denomina\u00e7\u00e3o \u00e0 Rua Projetada 6, localizada no\r\nLoteamento Colina das Palmeiras, Santa Rita do Sapuca\u00ed/MG, que passar\u00e1 a denominarse Rua Clemenceau dos Reis Miranda - Seu Miranda.\r\nFilho de Manoel Rezende Miranda e Izaulina dos Reis Miranda, Clemenceau\r\ndos Reis Miranda nasceu dia 22 de abril de 1922, em Erv\u00e1lia/MG, Zona da Mata\r\nMineira. Casado com Maria da Concei\u00e7\u00e3o Mendes Miranda, tiveram os filhos: Heliana\r\nMaria Miranda, Vera Lucia Miranda de Souza, Cleber Mendes Miranda e Jussara Maria\r\nMiranda Ibraim Falecermo dia 27 de julho de 2013, era Santa Rita do. Sapuca\u00ed/MG.\r\nSua vinda para Santa Rita do Sapuca\u00ed se deu pela sua ger\u00eancia das Casas\r\nPernambucanas. Foi s\u00f3cio propriet\u00e1rio fundador do Cine Vit\u00f3ria, na d\u00e9cada de 50/60, e\r\nfundador da Casa Miranda Ltda., em janeiro de 1965, completando 55 anos de atividade\r\ncomercial em S.anta Rita do Sapuca\u00ed,\r\nAl\u00e9m disso, foi tamb\u00e9m: Presidente da Loja Ma\u00e7\u00f4nica \"Caridade Sul Mineira\",\r\nno ano de 1952; membro fundador da Sociedade dos Amigos de Santa Rita do Sapuca\u00ed;\r\nparticipou como membro da SASRS do projeto de funda\u00e7\u00e3o do INATEL, como Diretor\r\nTesoureiro; membro. do. Conselho. Fiscal da FINAM (Funda\u00e7\u00e3o do. Instituto. Nacional\r\nde Telecomunica\u00e7\u00f5es), por v\u00e1rias gest\u00f5es; participou da reforma e reestrutura\u00e7\u00e3o do\r\nCampo de Futebol Erasmo Cabral, como Diretor Tesoureiro, na d\u00e9cada de 60/70;\r\nMembro da Diretoria do Santa Rita Country Club; na constru\u00e7\u00e3o e reestrutura\u00e7\u00e3o do\r\nGin\u00e1sio de Esportes, como Diretor Financeiro; membro da Diretoria, na constru\u00e7\u00e3o do\r\nim\u00f3vel do. Centro Esp\u00edrita Cristo. Redentor, em Santa Rita do. Sapuca\u00ed; S\u00f3cio. Benem\u00e9rito da ACEVALE; membro e fundador da AMIVIDA (Amigos da Vida), em suporte ao\r\nHospital Ant\u00f4nio Moreira da Costa; participou como conselheiro de v\u00e1rias diretorias do\r\nHospital AMC; foi fundador da SACC (Sociedade de Assist\u00eancia \u00e0 Crian\u00e7a Carente),\r\njuntamente com Padre Raul Laranjeiras.\r\nRecebeu v\u00e1rias homenagens como: Medalha e Comenda \"Dr. Delfim Moreira\",\r\npela Loja Ma\u00e7\u00f4nica Caridade Sul Mineira; Comenda \"Mario Behring\", a mais alta\r\nhomenagem Ma\u00e7\u00f4nica concebida pela grande Loja Ma\u00e7\u00f4nica de Minas Gerais; Diploma\r\nde Amigo do Tiro de Guerra 04040; T\u00edtulo de Cidad\u00e3o Honor\u00e1rio Santa-Ritense;\r\nDiploma Comerciante do ano de 1996, pela Federaminas, Federa\u00e7\u00e3o das Associa\u00e7\u00f5es\r\nComerciais, Industriais, Agropecu\u00e1rias e de Servi\u00e7os de Minas Gerais; homenagem do\r\nINATEL, por ocasi\u00e3o dos 45 anos de funda\u00e7\u00e3o, em reconhecimento de gratid\u00e3o pela sua\r\ncontribui\u00e7\u00e3o e dedica\u00e7\u00e3o \u00e0 institui\u00e7\u00e3o.","data_fim_prazo":null,"ip":"138.94.54.239","ultima_edicao":null,"status":6,"materia":2157,"unidade_tramitacao_local":4,"unidade_tramitacao_destino":39,"user":59}