{"id":3491,"__str__":"Projeto de Decreto Legislativo n\u00ba 4 de 2022 | Parecer favor\u00e1vel | 09/06/2022","link_detail_backend":"/materia/tramitacao/3491","metadata":{},"timestamp":"2022-07-19T08:45:09.957785-03:00","data_tramitacao":"2022-06-09","data_encaminhamento":null,"urgente":false,"turno":"U","texto":"Este projeto visa conceder a Medalha da Ordem do M\u00e9rito Legislativo Municipal Dr. Delfim Moreira de Santa Rita do Sapuca\u00ed/MG \u00e0 senhora Marina de\r\nCastro Barbosa. Marina de Castro Barbosa \u00e9 natural de Silvian\u00f3polis/MG, casada com Jo\u00e3o Batista Barbosa, m\u00e3e do Fl\u00e1vio e do James, av\u00f3 do Pedro, Larissa e Davi, e sogra da Carolzinha. Extensionista de Bem Estar Social da EMATER MG desde 1975. Recebeu o T\u00edtulo de Cidad\u00e3 Honor\u00e1ria de Santa Rita do Sapuca\u00ed, no dia 14/12/1985, e de Honra ao M\u00e9rito do Dia Internacional da Mulher, no dia 08/03/2018. Estudou no Col\u00e9gio Santa \u00c1gueda, Col\u00e9gio de Freiras da Provid\u00eancia, onde se graduou como normalista em 1968. Durante o per\u00edodo estudantil, encabe\u00e7ou v\u00e1rios eventos do col\u00e9gio, como festas juninas, quermesses, teatros, serestas etc., arrecadando fundos para manuten\u00e7\u00e3o da escola. Ainda no col\u00e9gio, criou o Torneio da Primavera, competi\u00e7\u00e3o esportiva nas modalidades de v\u00f4lei, futebol, nata\u00e7\u00e3o e corrida r\u00fastica. Al\u00e9m de liderar a melhor equipe do torneio, a Vanguard, era a rainha da equipe. Criou o grupo \"Pirilampos do Luar\", grupo de seresta que percorria as cidades vizinhas, com as freiras, para arrecadar recursos para manter o col\u00e9gio funcionando, que passava por crise. Trabalhou como volunt\u00e1ria, junto \u00e0 ACAR de Silvian\u00f3polis, nas mesmas \u00e1reas de trabalho que desenvolve hoje, pela EMATER MG. A partir de 1969, atuou como professora Estadual em Silvian\u00f3polis, S\u00e3o Jo\u00e3o da Mata e Esp\u00edrito Santo do Dourado e tamb\u00e9m foi supervisora do MOBRAL. Em 1975, ingressou na ACAR, em Santa Rita do Sapuca\u00ed, que, em 1976, passou a chamar-se EMATER. No ano de 1976, concluiu a Licenciatura Plena em Ci\u00eancias Biol\u00f3gicas. P\u00f3s-graduada em Qualidade de Alimentos pela Universidade Federal de Lavras. \u00c9 tamb\u00e9m Economista Dom\u00e9stico. Sempre trabalhou com fam\u00edlias rurais nas \u00e1reas de alimenta\u00e7\u00e3o, sa\u00fade, saneamento b\u00e1sico, artesanato, capacita\u00e7\u00e3o de m\u00e3o de obra, etc. Realizou o 1\u00b0 Festival Regional de M\u00fasica Sertaneja em Santa Rita do Sapuca\u00ed, revelando talentos como: Bandeirantes Z\u00e9 Batista, m\u00fasico e cantor Giovane, entre outros. Promoveu o Festival Universit\u00e1rio Regional de M\u00fasica, em parceria com o INATEL. Realizou v\u00e1rios Desfiles de Cavaleiros, com participa\u00e7\u00e3o das cidades circunvizinhas e at\u00e9 lugares mais distantes. Idealizou o Feir\u00e3o Folcl\u00f3rico de Santa Rita do Sapuca\u00ed, junto com Dona Terezinha, da Prodarte, e Alice Baracat, do MOBRAL. Idealizou o projeto e inaugurou a Esta\u00e7\u00e3o de Artesanato, na antiga esta\u00e7\u00e3o de trem da \r\ncidade. Montou o grupo de artes\u00e3os ASAS \u2014 Associa\u00e7\u00e3o de Artes\u00e3os Santa-ritenses. Realizou, em 1980, o 1\u00b0 Semin\u00e1rio de Turismo Rural de Santa Rita do Sapuca\u00ed, na Fazenda Vint\u00e9m, com a participa\u00e7\u00e3o de uma turism\u00f3loga de Belo Horizonte. Realizou o 1\u00b0 Semin\u00e1rio Municipal de Comit\u00eas Comunit\u00e1rios Rurais, com a participa\u00e7\u00e3o de S\u00e3o Jo\u00e3o Del Rei. Os participantes dos comit\u00eas tinham uma carteirinha de identifica\u00e7\u00e3o com direito a descontos em farm\u00e1cias, lojas e supermercados. Organizou em Santa Rita 9 associa\u00e7\u00f5es de bairros rurais e registrou em BH, entre elas, a Associa\u00e7\u00e3o da Serra dos Borges, cujo o presidente, Vereador Dion\u00edsio, continua encabe\u00e7ando a entidade at\u00e9 hoje. Participou de todas as festas comunit\u00e1rias rurais realizadas no munic\u00edpio, ministrando cursos para confec\u00e7\u00e3o de doces e cartuchos. Durante muitos anos, coordenou unia equipe com mais de 150 pessoas, capacitando volunt\u00e1rios para a confec\u00e7\u00e3o de cartuchos para a Festa de Santa Rita. Trabalhou na Escolinha de Futebol do Aleluia, introduzindo o caf\u00e9 da manh\u00e3, caf\u00e9 da tarde e almo\u00e7o na alimenta\u00e7\u00e3o dos esportistas. Conseguiu parceria com os m\u00e9dicos: Dr. Manoel, pediatra e infectologista; Dr. Jorge Toledo, ortopedista, todos volunt\u00e1rios. Fez parte do grupo de teatro Gruta e tamb\u00e9m cantava em casamentos, revertendo toda a renda adquirida para a\u00e7\u00f5es sociais. Organizou in\u00fameros grupos de jovens rurais, na \u00e9poca 4 S \u2014 Saber, Sentir, Sa\u00fade e Servir. Organizou in\u00fameros grupos\r\nde mulheres rurais, introduzindo orienta\u00e7\u00f5es sobre sa\u00fade, alimenta\u00e7\u00e3o,ind\u00fastria caseira,corte e costura e artesanato. Criou e introduziu atendimento m\u00e9dico no meio rural, que serviu de refer\u00eancia para v\u00e1rios munic\u00edpios, sendo pioneiro. Promoveu a cria\u00e7\u00e3o de orientadoras de sa\u00fade em bairros rurais, de maneira pioneira. Sugeri Prefeitura a cria\u00e7\u00e3o do conserva de estradas. Distribuiu kits de hortas com 30 envelopes de sementes variadas. Lan\u00e7ou campanha de hortas e pomares comunit\u00e1rios, escolares e domiciliares. Introduziu o uso de filtros de \u00e1gua para melhoria da qualidade de vida das fam\u00edlias rurais. Realizou tr\u00eas Festivais Regionais de pratos com caf\u00e9, envolvendo mais de 60 munic\u00edpios, e, a partir dos festivais, criou o projeto \"Del\u00edcias\r\ndo Caf\u00e9\", que ensina receitas com caf\u00e9 para a gera\u00e7\u00e3o de renda das fam\u00edlias rurais. Lan\u00e7ou o livro \"Del\u00edcias do Caf\u00e9\", que j\u00e1 est\u00e1 caminhando para a quinta edi\u00e7\u00e3o, e re\u00fane receitas de todos os festivais j\u00e1 realizados. Participou de todas as Semanas Internacionais do Caf\u00e9, em Belo Horizonte, com exposi\u00e7\u00e3o e degusta\u00e7\u00e3o dos produtos \"Del\u00edcias do Caf\u00e9\", no stand do governo de Minas Gerais. O livro foi indicado como atra\u00e7\u00e3o tur\u00edstica do munic\u00edpio e j\u00e1 foi lan\u00e7ado em v\u00e1rias cidades, tendo sido destaque em evento espec\u00edfico de gastronomia no Mercado Central de Belo Horizonte.\r\nTrabalha intensamente pelo desenvolvimento do Turismo Rural em Santa Rita do Sapuca\u00ed. \u00c9 mentora do grupo \"Mulheres Empreendedoras do Caf\u00e9\"de Santa Rita, hoje com mais de 65 participantes. Idealizou o maior Encontro Regional de Mulheres Empreendedoras do Caf\u00e9, reunindo, no Teatro do Inatel, em 2019, em torno de 750 pessoas, de mais de 70 munic\u00edpios, inclusive de outros estados. envolvidas na cadeia produtiva do caf\u00e9. Recebe constantemente convites para expor o projeto Del\u00edcias do Caf\u00e9 e o trabalho das Mulheres Empreendedoras do Caf\u00e9 por todo o Brasil. Recentemente, participou, pela segunda vez, do Mercado Coffee, evento promovido pelo Museu do Caf\u00e9, em Santos/SP, onde exp\u00f4s os produtos Del\u00edcias do Caf\u00e9 e ministrou workshop sobre o projeto \"Del\u00edcias do Caf\u00e9\". \u00c9 membro da IWCA - Alian\u00e7a Internacional das Mulheres do Caf\u00e9, do Grupo AgroBatom e do Grupo de Mulheres Cafeicultoras, com aproximadamente 450 participantes. Apaixonada pelo que faz \"Aprender... ensinar e servir sua maior realiza\u00e7\u00e3o, como profissional, crist\u00e3 e ser humano\". Apaixonada pela fam\u00edlia, pelo trabalho, pela vida!","data_fim_prazo":null,"ip":"138.94.54.239","ultima_edicao":"2022-07-19T08:40:00.650529-03:00","status":6,"materia":2721,"unidade_tramitacao_local":4,"unidade_tramitacao_destino":39,"user":59}