{"id":3535,"__str__":"Projeto de Decreto Legislativo n\u00ba 24 de 2022 | Parecer favor\u00e1vel | 05/12/2022","link_detail_backend":"/materia/tramitacao/3535","metadata":{},"timestamp":"2022-12-05T11:00:02.015494-03:00","data_tramitacao":"2022-12-05","data_encaminhamento":null,"urgente":false,"turno":"U","texto":"Este projeto visa conceder a Medalha da Ordem do M\u00e9rito Legislativo Municipal Presidente Dr. Delfim Moreira de Santa Rita do Sapuca\u00ed/MG ao Dr. Carlos Felipe  Rocha de Souza.\r\nO Dr. CARLOS FELIPE ROCHA DE SOUZA \u00e9 filho de Maria Tereza Rocha de Souza e Carlos Roberto de Souza, mais conhecido com Charrete, nascido em Santa Rita do Sapuca\u00ed aos 12 dias do m\u00eas de mar\u00e7o do ano de 1991, na maternidade local Dr. Edmundo Prado Moreira. Teve uma inf\u00e2ncia muito simples com seus pais, cursou o ensino fundamental e m\u00e9dio na Escola Estadual Sanico Telles, sempre levando em seu cora\u00e7\u00e3o a preciosa li\u00e7\u00e3o passada por sua m\u00e3e \"somente pelo estudo voc\u00ea ser\u00e1 algu\u00e9m na vida\".  Assim, amda no ensino m\u00e9dio prestou vestibular para o curso Direito, ingressando na Faculdade de Direito do Sul Minas no ano de 2009 ainda com 17 anos. No \u00faltimo ano do curso j\u00e1 obteve sua Carteira Profissional de Advogado, OAB, sendo aprovado no Exame de Ordem em Julho de 2013 com uma pontua\u00e7\u00e3o de 9,75 pontos, sendo motivo de orgulho e felicidade para sua fam\u00edlia, e formou-se muito novo, com apenas 22 anos no ano de 2013 em uma das mais respeitadas Faculdades de Direito da regi\u00e3o. Felipe Rocha ou simplesmente Felipinho como \u00e9 conhecido, logo ao sair da faculdade abriu seu escrit\u00f3rio de advocacia em Santa Rita e iniciou sua Especializa\u00e7\u00e3o em Direito P\u00fablico e Eleitoral em S\u00e3o Paulo, sendo que no ano de 2017 foi convidado a assumir a Procuradoria do Munic\u00edpio de Gon\u00e7alves e tamb\u00e9m a Assessoria Jur\u00eddica do Munic\u00edpio de Consola\u00e7\u00e3o, permanecendo nas fun\u00e7\u00f5es at\u00e9 o final do mandato dos Prefeitos Luiz Rosa da Silva e Maur\u00edlio Robson Marques. Tamb\u00e9m no ano de 2019 foi convidado a assumir a Assessoria Jur\u00eddica do Munic\u00edpio de Pedralva, que exerce at\u00e9 a presente data tal oficio, contribuindo para o desenvolvimento do Munic\u00edpio. Felipe Rocha, ainda assessora atualmente os Munic\u00edpios de Concei\u00e7\u00e3o dos Ouros, Lambari, a C\u00e2mara Municipal de Consola\u00e7\u00e3o e a Associa\u00e7\u00e3o dos Munic\u00edpios da Microrregi\u00e3o do Alto Sapuca\u00ed \u2014 AMASP contribumdo de forma indireta com pol\u00edticas p\u00fablicas dos 16 Munic\u00edpios que integra o Cons\u00f3rcio. \r\n Exerce tamb\u00e9m atualmente o cargo sem qualquer remunera\u00e7\u00e3o de Diretor Jur\u00eddico da ACEVALE \u2014 Associa\u00e7\u00e3o Comercial e Empresarial do Vale da Eletr\u00f4nica, sendo que, com os demais Diretores da referida associa\u00e7\u00e3o foi pe\u00e7a chave para  representatividade do empresariado local perante o Poder P\u00fablico principalmente no per\u00edodo de pandemia, onde o fechamento do com\u00e9rcio se fez recorrente, sendo voz ativa  perante o Minist\u00e9rio P\u00fablico, local em defesa da abertura do com\u00e9rcio e retomada das atividades econ\u00f4micas com o m\u00ednimo de restri\u00e7\u00e3o poss\u00edvel. Em nossa cidade, al\u00e9m de seu escrit\u00f3rio que atende a demandas rotineiras do dia  a dia de diversos clientes, Felipe se dedica ao atendimento de causas sociais principalmente aquelas que envolvem a busca do cidad\u00e3o por tratamentos de sa\u00fade e medicamentos muitas vezes renegados pelo Estado. Felipe ainda \u00e9 membro ativo da Loja Ma\u00e7\u00f4nica Caridade Sul Mineira, onde pode, com os ensinamentos da ma\u00e7onaria, lapidar ainda mais sua moral e intelectualidade com conceitos fundamentais de respeito aos ideais de liberdade, igualdade e fraternidade em beneficio pr\u00f3prio e principalmente do pr\u00f3ximo. Dr. Felipe Rocha \u00e9 casado com Aline da Silva Gon\u00e7alves, pai de Pedro Ot\u00e1vio Silva Rocha de 12 anos e Ana Lu\u00edsa Silva Rocha de 8 anos. Sua fam\u00edlia \u00e9 seu pilar de sustenta\u00e7\u00e3o e inspira\u00e7\u00e3o de vida, sendo Jovem Advogado que com altru\u00edsmo, amor e dedica\u00e7\u00e3o transformou a sua hist\u00f3ria de vida e anda transforma a vida de v\u00e1rias pessoas.","data_fim_prazo":null,"ip":"138.94.54.239","ultima_edicao":"2022-12-05T10:57:23.050042-03:00","status":6,"materia":2880,"unidade_tramitacao_local":4,"unidade_tramitacao_destino":39,"user":63}