{"id":3550,"__str__":"Projeto de Decreto Legislativo n\u00ba 18 de 2022 | Parecer favor\u00e1vel | 14/12/2022","link_detail_backend":"/materia/tramitacao/3550","metadata":{},"timestamp":"2022-12-14T16:56:57.801961-03:00","data_tramitacao":"2022-12-14","data_encaminhamento":null,"urgente":false,"turno":"U","texto":"Este projeto visa conceder t\u00edtulo de cidadania honor\u00e1ria santa-ritense \u00e0 senhora Aline C\u00e1ssia da Silva.\r\nAline C\u00e1ssia da Silva, filha de Joana Costa da Silva e Hamilton Dias da Silva, nasceu em Belo Horizonte no dia 16 de junho de 1966, onde viveu at\u00e9 39 anos. Filha de militar, se viu aos 7 anos em uma situa\u00e7\u00e3o de quase mis\u00e9ria ap\u00f3s o div\u00f3rcio de seus pais. Filha mais nova de uma fam\u00edlia de 5 filhos, foi criada com muita luta e dificuldade por sua m\u00e3e, uma mulher de pulso forte que, mesmo sob a perspectiva de ter que criar os 5 filhos sozinha, n\u00e3o permitiu sujeitar os filhos e a si mesma \u00e0 viol\u00eancia dom\u00e9stica causada pelo alcoolismo do marido. As barreiras viraram degraus pois n\u00e3o faltou o bom exemplo e o amor de m\u00e3e para manter a fam\u00edlia unida. Embora todos trabalhassem desde muito cedo, tiveram tamb\u00e9m a oportunidade de desfrutar de um ambiente saud\u00e1vel e muito feliz, n\u00e3o obstante a condi\u00e7\u00e3o social e a vida na capital do Estado. Sempre participou de processos seletivos de escolas p\u00fablicas e, por isso, estudou nas melhores escolas dispon\u00edveis em Belo Horizonte: na Escola Agr\u00edcola de 12grau Professor Alisson Pereira Guimar\u00e3es - uma das escolas de hor\u00e1rio integral de 12 grau mais concorridas na \u00e9poca -, na Escola T\u00e9cnica de Belo Horizonte, o CEFET - Centro Federal de Educa\u00e7\u00e3o Tecnol\u00f3gica de Minas Gerais -, onde fez o curso t\u00e9cnico de Edifica\u00e7\u00f5es e, por fim, na Universidade Federal de Minas Gerais \u2014 UFMG, onde se formou em Engenharia Civil. Trabalhando como Engenheira desde sua formatura em 1997, no ano de 2003, durante uma crise no setor, decidiu enveredar para o mundo dos concursos p\u00fablicos. Em 2004 tomou posse no cargo de Engenheira Civil da Prefeitura Municipal de Bar\u00e3o de Cocais - MG, ap\u00f3s ser aprovada em concurso p\u00fablico naquele mesmo ano. Em abril de 2005, foi nomeada pelo Prefeito Geraldo Abade das Dores como Assessora de Planejamento Urbano, fun\u00e7\u00e3o que exerceu at\u00e9 janeiro de 2006 quando aceitou o desafio de compor os quadros da Justi\u00e7a Eleitoral, na qual tamb\u00e9m ingressou por concurso  p\u00fablico federal. Transferiu-se para Santa Rita do Sapuca\u00ed no dia 30 de janeiro de 2006, uma semana ap\u00f3s ter tomado posse no TRE-MG. Mudan\u00e7a \u00e9 a palavra mais correta para essa situa\u00e7\u00e3o, pois a cidade era nova, o emprego era algo totalmente novo e havia muita coisa  para se aprender. Em abril de 2006 tornou-se Chefe do Cart\u00f3rio Eleitoral da 248@ Zona de Minas Gerais, fun\u00e7\u00e3o que exerce at\u00e9 hoje com muito zelo. Aline \u00e9 casada com Geraldo Francisco Ferreira, controlador de tr\u00e1fego ferrovi\u00e1rio aposentado pela Companhia Vale do Rio Doce, sendo m\u00e3e de Anna Carolina Dias da Silva, atualmente residindo na capital mineira onde \u00e9 acad\u00eamica do Curso de Ci\u00eancias Sociais na mesma Universidade de sua m\u00e3e, a UFMG. A acolhida que recebeu nesta cidade interiorana de temperaturas amenas fez com ela se adaptasse rapidamente ao lugar. O desafio de realizar as elei\u00e7\u00f5es, atender ao p\u00fablico, conviver com ju\u00edzes e colegas de diversos setores p\u00fablicos da cidade, a fez ver que ser servidora p\u00fablica \u00e9 uma coisa prazerosa que lhe traz orgulho e realiza\u00e7\u00e3o pessoal, pois sente alegria no faz e ama servir na Justi\u00e7a Eleitoral. Ap\u00f3s mais de dezesseis anos de resid\u00eancia e de trabalho em Santa Rita do Sapuca\u00ed, encontra-se totalmente integrada na cidade e a seu povo.","data_fim_prazo":null,"ip":"138.94.54.239","ultima_edicao":"2022-12-14T16:56:43.157685-03:00","status":6,"materia":2862,"unidade_tramitacao_local":4,"unidade_tramitacao_destino":39,"user":65}