{"id":3591,"__str__":"Projeto de Decreto Legislativo n\u00ba 3 de 2023 | Parecer favor\u00e1vel | 12/06/2023","link_detail_backend":"/materia/tramitacao/3591","metadata":{},"timestamp":"2023-06-21T14:21:35.147050-03:00","data_tramitacao":"2023-06-12","data_encaminhamento":null,"urgente":false,"turno":"U","texto":"Este projeto tem a finalidade de conceder o t\u00edtulo de cidad\u00e3o honor\u00e1rio santa-ritense ao Desembargador Geraldo Augusto de Almeida. O Desembargador Geraldo Augusto de Almeida \u00e9 natural do Estado de Minas Gerais, da cidade de Juiz de Fora, na zona da mata mineira, filho do\r\nadvogado Geraldo Cypriano de Almeida e- da professora, sra. Edite Maria Souza de Almeida (falecidos). Formou-se em Direito pela Universidade do Estado da Guanabara, em 1971. Exerceu a advocacia civil e empresarial com seu pai e irm\u00e3os, nos Estados do Rio de Janeiro e de Minas Gerais, com escrit\u00f3rios nas cidades do Rio de Janeiro e Juiz de Fora. Ingressou na magistratura mineira pelo concurso p\u00fablico de 1976, nomeado em 1977 e foi Juiz de Direito e Juiz Eleitoral, como Juiz Substituto, nas comarcas Rio Piracicaba, Te\u00f3filo Otoni e Visconde do Rio Branco e, como Juiz Titular, nas comarcas de Ibiraci, Passa Quatro, Santa Rita do Sapuca\u00ed, Tr\u00eas Cora\u00e7\u00f5es e Belo Horizonte, onde, tamb\u00e9m, participou como Juiz do ent\u00e3o Juizado Informal de Pequenas Causas. Foi promovido \u00e0 2a. inst\u00e2ncia da Magistratura Estadual em 1994, compondo a 7a. C\u00e2mara C\u00edvel do ent\u00e3o Tribunal de- Al\u00e7ada e, posteriormente, promovido, em 2002, para o cargo de Desembargador do Tribunal de Justi\u00e7a, compondo, desde ent\u00e3o, a 1a. C\u00e2mara C\u00edvel. Foi vice-presidente do Centro de Estudos Jur\u00eddicos do Tribunal de Al\u00e7ada, foi membro do Conselho da Magistratura Estadual e da Comiss\u00e3o Supervisora dos\r\nJuizados Especiais. Possui, tamb\u00e9m, os cursos de Psicologia, pela Universidade do Estado da Guanabara e de Especializa\u00e7\u00e3o/P\u00f3s Gradua\u00e7\u00e3o em Direito Civil pela Faculdade de Direito da Universidade de Coimbra \u2014 Portugal. Foi professor de Direito Civil na Faculdade de Direito Milton Campos, de Belo Horizonte-MG. Foi Superintendente-Adjunto da Escola Judicial Desembargador Ed\u00e9sio Fernandes, na qual participou, tamb\u00e9m, como professor, orientador e integrante das bancas examinadoras dos concursos de ingresso \u00e0 magistratura estadual dos anos de 2005, 2006 e 2007. Foi membro substituto, Corregedor Geral, Vice Presidente e Presidente do Tribunal Regional Eleitoral. Foi Primeiro Vice Presidente e Presidente do Tribunal de Justi\u00e7ado Estado de Minas Gerais. Atualmente comp\u00f5e a Primeira Camara C\u00edvel, o \u00d3rg\u00e3o Especial, como membro efetivo. e exerce, convidado pelo Presidente, o cargo de Superintendente Administrativo Adjunto do Tribunal de Justi\u00e7a. Tamb\u00e9m, hoje, \u00e9 o Magistrado de Carreira mais antigo em atividade jurisdicional do Poder Judici\u00e1rio do Estado de Minas Gerais.","data_fim_prazo":null,"ip":"138.94.54.239","ultima_edicao":"2023-06-21T14:21:03.807466-03:00","status":6,"materia":3061,"unidade_tramitacao_local":4,"unidade_tramitacao_destino":39,"user":65}