{"id":3593,"__str__":"Projeto de Lei (C\u00e2mara) n\u00ba 28 de 2023 | Parecer favor\u00e1vel | 01/08/2023","link_detail_backend":"/materia/tramitacao/3593","metadata":{},"timestamp":"2023-08-23T13:54:06.678447-03:00","data_tramitacao":"2023-08-01","data_encaminhamento":null,"urgente":false,"turno":"U","texto":"Este projeto de lei tem a finalidade de dar denomina\u00e7\u00e3o \u00e0s seguintes vias p\u00fablicas: 1) a rua 7 do Loteamento Campo Verde, Santa Rita do Sapuca\u00ed/MG passar\u00e1 a denominar-se \"Rua Sebasti\u00e3o Gon\u00e7alves Mendes\"; 2) a rua 9 do Loteamento Campo Verde, Santa Rita do Sapuca\u00ed/MG passar\u00e1 a denominar-se \"Rua Sebasti\u00e3o Alencar Gon\u00e7alves\". Sebasti\u00e3o Gon\u00e7alves Mendes \u00e9 de uma fam\u00edlia de 6 irm\u00e3os, nascido em 08/09/1926, no s\u00edtio Pinhal, munic\u00edpio de Lambari. Filho de Jo\u00e3o Gon\u00e7alves Neto e Ana Maria de Jesus. Tinha como irm\u00e3os: J\u00falio Gon\u00e7alves Mendes, Jose Gon\u00e7alves Mendes Mendes (Zezico), Afonso Gon\u00e7alves Mendes, Maria Aparecida dos Santos (Fiica), Benedito Gon\u00e7alves Mendes e Aur\u00e9lia Gon\u00e7alves Mendes. Foi casado com Ana Maria Gon\u00e7alves, teve 6 filhos: Benedita Creuza Gon\u00e7alves Dias, Jos\u00e9 Carlos Gon\u00e7alves, Maria das Gra\u00e7as Mendes Forchito\u201e Ivanil Gon\u00e7alves Mendes, Sebasti\u00e3o Alencar Gon\u00e7alves Mendes e Romeu Gon\u00e7alves Mendes. Deixando 14 netos e 14 bisnetos. \"Ti\u00e3o Gon\u00e7alves\", como era conhecido por todos, era um homem simples, bom, lutador, integro e honesto. Respeitado por muitos por cumprir sempre a sua palavra. Sempre tinha uma boa conversa e a todos que cruzavam seu caminho, convidava para tomar um caf\u00e9 ou almo\u00e7ar com ele. Pai amoroso e dedicado a fam\u00edlia. Tamb\u00e9m tinha grande apre\u00e7o aos amigos e passava horas de prosa boa quando os encontrava. Adorava contar as hist\u00f3rias que viveu na juventude. Nos contava hist\u00f3rias de Pedro Malazartes, hist\u00f3rias da \u00e9poca (cerca de 60 anos atr\u00e1s) na taipa de um fog\u00e3o de lenha. N\u00e3o rejeitava nenhum trabalho, teve lavoura de arroz, caf\u00e9, milho. Criava animais. Aprendeu a ferrar cavalos. E outros trabalhos para cuidar da fam\u00edlia. Perdeu tudo o que tinha, mas levantou a cabe\u00e7a e venceu todas as dificuldades. Tamb\u00e9m foi um exemplo de comerciante. Tinha um armaz\u00e9m na rua C\u00f4nego Adolfo Carneiro. Vendia compras para as pessoas pagarem ap\u00f3s 12 meses, depois que faziam a colheita. N\u00e3o sei como sobrevivia recebendo pagamento ap\u00f3s um ano... Tinha um lema para a vida: \"Deus ajuda quem \u00e9 honesto\". \"Seja fiel no pouco que eu te darei muito\". Concluindo, Sebasti\u00e3o Gon\u00e7alves Mendes, era o que podemos chamar de\r\num autodidata, pois, apesar de n\u00e3o ter conclu\u00eddo os estudos, era uma pessoa inteligente, sempre atualizado e informado sobre as quest\u00f5es pol\u00edticas e sociais do pa\u00eds, do estado e do munic\u00edpio. Foi um homem digno, Comerciante, gostava de trabalhar na terra como ningu\u00e9m. Um empreendedor nato. Deixou sua marca no meio de n\u00f3s, provando que a vida \u00e9 o espa\u00e7o de humildade, trabalho, simplicidade e alegria. Um exemplo de filho, pai, av\u00f4. Um ser humano que n\u00e3o tinha maldade. Sempre ajudava a todos. Tinha um cora\u00e7\u00e3o enorme. O segundo homenageado, Sebasti\u00e3o Alencar Gon\u00e7alves, mais conhecido como Alencar, nasceu em uma fam\u00edlia numerosa e unida, com cinco irm\u00e3os: Benedita Cleuza Gon\u00e7alves, Jos\u00e9 Carlos Gon\u00e7alves, Maria das Gra\u00e7as Mendes Forchito, Ivanil Gon\u00e7alves e Romeu Gon\u00e7alves Mendes. Seus pais, Sebasti\u00e3o e Ana Maria, lhe ensinaram os valores da honestidade, da simplicidade e do trabalho. Casou-se com M\u00e1rcia Maria Ribeiro Gon\u00e7alves, com quem viveu por 32 anos e teve um filho, Leonardo Ribeiro Gon\u00e7alves, o qual realizou o sonho de formar engenheiro no Inatel e ser mestre em Engenharia El\u00e9trica pela UNIFEI. Desde cedo, Alencar mostrou seu talento para o com\u00e9rcio. Come\u00e7ou com um armaz\u00e9m na rua C\u00f4nego Adolfo Carneiro, onde vendia de tudo um pouco, doces, sorvetes, salgados, alimentos e outros produtos, principalmente para as pessoas que iam para a zona rural. Em 2003, ele abriu um ferro velho, um local de reciclagem na Rua Hor\u00e1cio Capistrano, onde ele comprava e vendia materiais usados e sucata. Isso beneficiou muitas fam\u00edlias da cidade, que podiam construir ou reformar suas casas com pe\u00e7as baratas e de qualidade. Alencar adorava ficar no ferro velho, onde ele fazia quest\u00e3o de conversar e se relacionar com todos os\r\nclientes. Trabalhou l\u00e1 durante muitos anos, at\u00e9 seus \u00faltimos dias. Tinha como amigo fiel um cachorro chamado Dunga, companheiro que vigiava sua caminhonete quando estava na rua. A \u00fanica pessoa que Dunga deixava colocar a m\u00e3o no veiculo era o querido Monsenhor Jos\u00e9. O ferro velho ainda\r\nfunciona, e \u00e9 a maior homenagem a Alencar, que \u00e9 lembrado por todos que frequentam o local. Um dos aspectos mais marcantes da personalidade de Alencar era o seu bom humor. Ele gostava de contar piadas e ria de todas as situa\u00e7\u00f5es da vida, fossem boas ou ruins. Ele era muito leve e otimista, sempre vendo o lado positivo das coisas. Ele contagiava as pessoas com a sua alegria e simpatia, fazendo amigos por onde passava. Al\u00e9m disso, Alencar era conhecido pela sua generosidade. Ele gostava de ajudar as pessoas que precisavam, especialmente as mais humildes e carentes. Ele participava de leil\u00f5es e festas da regi\u00e3o e arrematava animais e itens artesanais para contribuir com as causas sociais. Ele n\u00e3o se importava com o valor\r\ndos objetos, mas sim com o gesto de solidariedade. Alencar era um exemplo de pessoa que sabia viver bem e fazer o bem. Alencar foi um homem feliz, com um cora\u00e7\u00e3o bom, que soube aproveitar a vida com leveza e alegria. Deixou saudades em todos que o conheceram e amaram. Sua mem\u00f3ria ser\u00e1 sempre honrada e celebrada pela sua fam\u00edlia, seus amigos e sua comunidade. Por isso, \u00e9 justa homenagem que seu nome seja dado a um espa\u00e7o\r\np\u00fablico de nossa cidade, para que ele continue inspirando as gera\u00e7\u00f5es futuras.","data_fim_prazo":null,"ip":"170.150.93.21","ultima_edicao":"2023-08-23T13:53:32.414631-03:00","status":6,"materia":3089,"unidade_tramitacao_local":4,"unidade_tramitacao_destino":39,"user":65}