{"id":3617,"__str__":"Projeto de Decreto Legislativo n\u00ba 8 de 2023 | Parecer favor\u00e1vel | 05/12/2023","link_detail_backend":"/materia/tramitacao/3617","metadata":{},"timestamp":"2023-12-07T09:27:58.446261-03:00","data_tramitacao":"2023-12-05","data_encaminhamento":null,"urgente":false,"turno":"U","texto":"Este projeto tem a finalidade de conceder a Medalha da Ordem do M\u00e9rito Legislativo Municipal Presidente Delfim Moreira de Santa Rita do Sapuca\u00ed/MG ao senhor Deputado Estadual Dr. Paulo Valdir Ferreira. Paulo Valdir Ferreira, conhecido como Dr. Paulo, \u00e9 urna figura proeminente no cen\u00e1rio pol\u00edtico e m\u00e9dico, atualmente desempenhando o papel de Deputado Estadual em seu segundo mandato na Assembleia Legislativa de Minas\r\nGerais. Nascido em 19 de abril de 1971, na cidade de Pouso Alegre, Sul de Minas, Dr. Paulo \u00e9 casado com Renata Joia e pai de tr\u00eas filhas: Mariana, Luiza e Manuela. A sua forma\u00e7\u00e3o m\u00e9dica inclui especializa\u00e7\u00e3o em Ginecologia, P\u00f3s-gradua\u00e7\u00e3o em Medicina do Trabalho e em Medicina do Tr\u00e2nsito, al\u00e9m de um Mestrado em Ci\u00eancias da Sa\u00fade. Demonstrando seu compromisso com a educa\u00e7\u00e3o cont\u00ednua, ele encontra-se atualmente cursando o Doutorado em Educa\u00e7\u00e3o. O in\u00edcio da carreira pol\u00edtica de Dr. Paulo remonta a 2012, quando foi eleito vereador em Pouso Alegre, conquistando o t\u00edtulo de mais votado na hist\u00f3ria da cidade. Em 2016, ascendeu ao cargo de vice-prefeito. Em 2018, alcan\u00e7ou um novo patamar ao ser eleito Deputado Estadual pelo Partido Patriota, com quase 50 mil votos. Sua popularidade e compromisso com a regi\u00e3o se refletiram na reelei\u00e7\u00e3o em 2022, angariando mais de 70 mil votos. No \u00e2mbito legislativo, Dr. Paulo tem se destacado na defesa da Sa\u00fade e dos Direitos da Pessoa com Defici\u00eancia, sendo membro titular das relevantes Comiss\u00f5es Permanentes de Sa\u00fade e de Defesa dos Direitos da Pessoa com Defici\u00eancia na Assembleia de Minas. Sua atua\u00e7\u00e3o inclui a relatoria de diversos projetos aprovados pela Casa. O Deputado Estadual tem canalizado recursos para o Sul de Minas por meio de emendas parlamentares, totalizando mais de 50 milh\u00f5es no primeiro mandato e mais de R$ 20 milh\u00f5es no ano corrente. Esses investimentos t\u00eam sido direcionados para \u00e1reas cruciais como sa\u00fade, educa\u00e7\u00e3o, infraestrutura, seguran\u00e7a e assist\u00eancia social. Em reconhecimento a seu trabalho exemplar, Dr. Paulo foi agraciado\r\ncom diversas honrarias, incluindo a Medalha Presidente Juscelino Kubitschek em 2019, a Medalha Ordem do M\u00e9rito Legislativo em 2021 e a Medalha de Honra da Inconfid\u00eancia Mineira em 2022. Em 2023, o Governo de Minas conferiu-lhe a Medalha Santos Dumont, Grau Prata, em reconhecimento \u00e0 sua contribui\u00e7\u00e3o para o desenvolvimento do estado. A dedica\u00e7\u00e3o de Dr. Paulo \u00e0 cidade de Santa Rita do Sapuca\u00ed \u00e9 evidente, refletindo-se em viabiliza\u00e7\u00e3o de recursos e obras significativas. Pela trajet\u00f3ria marcada por realiza\u00e7\u00f5es em prol da comunidade e pelos servi\u00e7os prestados ao povo santa-ritense, Dr. Paulo \u00e9 merecedor da Medalha Delfim Moreira. Seu legado perdura como exemplo de lideran\u00e7a comprometida com o\r\ndesenvolvimento, sa\u00fade e bem-estar da popula\u00e7\u00e3o.","data_fim_prazo":null,"ip":"170.150.93.21","ultima_edicao":"2023-12-07T09:27:25.000792-03:00","status":6,"materia":3190,"unidade_tramitacao_local":25,"unidade_tramitacao_destino":39,"user":65}