{"id":3618,"__str__":"Projeto de Decreto Legislativo n\u00ba 10 de 2023 | Parecer favor\u00e1vel | 05/12/2023","link_detail_backend":"/materia/tramitacao/3618","metadata":{},"timestamp":"2023-12-07T09:32:03.498029-03:00","data_tramitacao":"2023-12-05","data_encaminhamento":null,"urgente":false,"turno":"U","texto":"Este projeto tem a finalidade de conceder a Medalha da Ordem do M\u00e9rito Legislativo Municipal Presidente Delfim Moreira de Santa Rita do\r\nSapuca\u00ed/MG \u00e0 senhora Ana Stela Reis Sancho Resch. Ana Stela Reis Sancho Resch \u00e9 filha de Ac\u00e1cio Sancho Vilela e Maria Auxiliadora Reis Vilela, nascida em cinco de agosto de um mil, novecentos e sessenta e quatro, no Sitio Vint\u00e9m em Santa Rita do Sapucai, tendo urna inf\u00e2ncia repleta de brincadeiras em meio a muito verde e ar puro. Iniciou nos bancos escolares, em um mil, novecentos e setenta e um, na Escola Coronel Joaquim In\u00e1cio, Grupinho e posteriormente foi concluir os estudos no Magist\u00e9rio da Escola Normal Sinh\u00e1 Moreira, como professora. Mais tarde, em 1982, concluiu os estudos com o curso de Hist\u00f3ria, na Faculdade Eug\u00eanio Paccelli, em Pouso Alegre. Casou-se, em um mil, novecentos e noventa, com Jos\u00e9 Carlos de Souza Resch e tiveram um \u00fanico filho, Rodolfo Reis de Souza Resch. Atualmente possuem alguns empreendimentos composto de v\u00e1rias padarias com cerca de cem funcion\u00e1rios e mesmo com tantas preocupa\u00e7\u00f5es di\u00e1rias como as compras, pagamentos, custos, sal\u00e1rios e as despesas constantes nada os desanimam, est\u00e3o sempre contentes por mais um dia de trabalho vencido. Ana Stela agradece diariamente a Deus pela familia que constituiu, pelos empreendimentos que deram certo e principalmente pelas alegrias de uma vida digna, honesta e repleta de muito carinho e amor. A familia tamb\u00e9m aumentou e Rodolfo tamb\u00e9m constituiu fam\u00edlia casando-se com Maria Fernanda Durazzo Godinho e tem urna linda filhinha, Giulha Durazzo Sancho Godinho Resch, que \u00e9 a alegria dos papais e av\u00f3s. Ana Stela trabalha incansavelmente desde o amanhecei; com os primeiros raios de sol at\u00e9 quando fecha a \u00faltima padaria, mas n\u00e3o dispensa o curtir a fam\u00edlia, o encontro com os amigos, o bate papo, as festas, os clubes e a praia. Adora dirigir na estrada, se divertir e curtir a vida e \u00e9 uma empres\u00e1ria de Sucesso.","data_fim_prazo":null,"ip":"170.150.93.21","ultima_edicao":"2023-12-07T09:31:50.278812-03:00","status":6,"materia":3191,"unidade_tramitacao_local":25,"unidade_tramitacao_destino":39,"user":65}