{"id":3629,"__str__":"Projeto de Decreto Legislativo n\u00ba 16 de 2023 | Parecer favor\u00e1vel | 05/12/2023","link_detail_backend":"/materia/tramitacao/3629","metadata":{},"timestamp":"2023-12-07T14:07:29.353366-03:00","data_tramitacao":"2023-12-05","data_encaminhamento":null,"urgente":false,"turno":"U","texto":"Este projeto tem a finalidade de conceder a Medalha da Ordem do M\u00e9rito Legislativo Municipal Presidente Delfim Moreira de Santa Rita do\r\nSapuca\u00ed/MG ao Arcebispo Metropolitano Dom Jos\u00e9 Luiz Majella Delgado. O Arcebispo Metropolitano Dom Jos\u00e9 Luiz Majella Delgado \u00e9 mineiro de Juiz de Fora, com dois anos de idade mudou-se com a fam\u00edlia para a cidade de Volta Redonda, no Estado do Rio de Janeiro. Fez o ensino fundamental em Volta Redonda e Aparecida, onde tamb\u00e9m cursou o ensino m\u00e9dio no Semin\u00e1rio Redentorista Santo Afonso. Na faculdade Salesiana de Filosofia, cm Lorena, fez licenciatura em Estudos Sociais e em Filosofia. Em 1977 fez sua profiss\u00e3o religiosa e iniciou, no mesmo ano, o curso de Teologia no Instituto Teol\u00f3gico S\u00e3o Paulo (ITESP), conclu\u00eddo em 1980. No dia 14 de mar\u00e7o de 1981 foi ordenado sacerdote em Volta Redonda e, dez anos depois, fez especializa\u00e7\u00e3o em Teologia Lit\u00fargica na Pontificia Faculdade de Teologia Nossa Senhora da Assun\u00e7\u00e3o, em S\u00e3o Paulo. No ano 2000, foi para Roma onde estudou Espiritualidade Redentorista na Academia Alfonsiana. Como padre, dedicou grande parte de seu minist\u00e9rio ao magist\u00e9rio. Foi professor no Semin\u00e1rio Redentorista de Aparecida; no Centro de Evangeliza\u00e7\u00e3o Mission\u00e1ria, em S\u00e3o Paulo. Foi tamb\u00e9m superior e diretor dos Semin\u00e1rios Redentoristas em Sacramento (MG) e em Aparecida; foi secret\u00e1rio da Organiza\u00e7\u00e3o dos Semin\u00e1rios e Institutos do Brasil (OSIB) no Regional Leste 2 da\r\nCNBB; secret\u00e1rio da Associa\u00e7\u00e3o dos Liturgistas do Brasil; prefeito do Santu\u00e1rio Nacional de Aparecida; vig\u00e1rio paroquial em Sacramento e na Bas\u00edlica de\r\nAparecida; secret\u00e1rio executivo local para a Quinta Confer\u00eancia Geral do Episcopado Latino-americano e Caribenho (CELAM), em Aparecida, no ano de\r\n2007, tornando-se, em seguida, subsecret\u00e1rio adjunto geral da CNBB, em Bras\u00edlia. No dia 16 de dezembro de 2009, o Papa Bento XVI nomeou-o corno\r\nBispo da Diocese de Jata\u00ed (GO), sucedendo a Dom Aloisio Hil\u00e1rio de Pinho. Ordenado bispo em 27 de fevereiro de 2010 no Santu\u00e1rio Nacional de Nossa Senhora Aparecida por Dom Geraldo Lyrio Rocha, foi empossado na Diocese de Jata\u00ed no dia 6 de mar\u00e7o de 2010. Dom Majella exerceu a Presid\u00eancia do Regional Centro-Oeste da CNBB entre os anos de 2010 e 2014, quando foi nomeado (28 de maio de 2014) Arcebispo de Pouso Alegre (MG), pelo Papa Francisco. Tomou posse no dia 02 de agosto de 2014 como 7\u00b0 Bispo e 4\u00b0 Arcebispo.","data_fim_prazo":null,"ip":"170.150.93.21","ultima_edicao":"2023-12-07T14:06:00.770188-03:00","status":6,"materia":3205,"unidade_tramitacao_local":25,"unidade_tramitacao_destino":39,"user":65}